{"id":9247,"date":"2026-02-09T13:46:08","date_gmt":"2026-02-09T13:46:08","guid":{"rendered":"https:\/\/camposerranoradio.com\/home\/?p=9247"},"modified":"2026-02-09T13:46:08","modified_gmt":"2026-02-09T13:46:08","slug":"natalia-castro-se-corona-como-reina-del-carnaval-de-aguachica-2026","status":"publish","type":"post","link":"https:\/\/camposerranoradio.com\/home\/2026\/02\/09\/natalia-castro-se-corona-como-reina-del-carnaval-de-aguachica-2026\/","title":{"rendered":"NATALIA CASTRO SE CORONA COMO REINA DEL CARNAVAL DE AGUACHICA 2026"},"content":{"rendered":"\n<p class=\"wp-block-paragraph\">Natalia Castro, representante del barrio Las Am\u00e9ricas, fue elegida como la nueva Reina del Carnaval de Aguachica 2026, tras un certamen que reuni\u00f3 a la comunidad en torno a una de las celebraciones culturales m\u00e1s importantes del municipio.<\/p>\n\n\n\n<p class=\"wp-block-paragraph\">La velada estuvo marcada por el talento, la preparaci\u00f3n y el compromiso de todas las candidatas, quienes demostraron su conocimiento de las tradiciones, su carisma y su desempe\u00f1o en cada una de las presentaciones, lo que hizo de la competencia un evento re\u00f1ido y de alto nivel.<\/p>\n\n\n\n<p class=\"wp-block-paragraph\">El jurado destac\u00f3 la seguridad, constancia y conexi\u00f3n con el p\u00fablico que mostr\u00f3 Natalia Castro durante todo el proceso, cualidades que le permitieron sobresalir y convertirse en la nueva soberana del Carnaval.<\/p>\n\n\n\n<p class=\"wp-block-paragraph\">Como reina 2026, Natalia asumir\u00e1 el compromiso de representar a Aguachica en las distintas actividades carnavaleras, promoviendo la cultura, la alegr\u00eda y el sentido de identidad que caracteriza a esta tradicional festividad.<\/p>\n","protected":false},"excerpt":{"rendered":"<p>Natalia Castro, representante del barrio Las Am\u00e9ricas, fue elegida como la nueva Reina del Carnaval de Aguachica 2026, tras un certamen que reuni\u00f3 a la comunidad en torno a una de las celebraciones culturales m\u00e1s importantes del municipio. La velada estuvo marcada por el talento, la preparaci\u00f3n y el compromiso de todas las candidatas, quienes [&hellip;]<\/p>\n","protected":false},"author":2,"featured_media":9248,"comment_status":"open","ping_status":"open","sticky":false,"template":"","format":"standard","meta":{"footnotes":""},"categories":[10,11,13],"tags":[],"class_list":["post-9247","post","type-post","status-publish","format-standard","has-post-thumbnail","hentry","category-general","category-local","category-news"],"_links":{"self":[{"href":"https:\/\/camposerranoradio.com\/home\/wp-json\/wp\/v2\/posts\/9247","targetHints":{"allow":["GET"]}}],"collection":[{"href":"https:\/\/camposerranoradio.com\/home\/wp-json\/wp\/v2\/posts"}],"about":[{"href":"https:\/\/camposerranoradio.com\/home\/wp-json\/wp\/v2\/types\/post"}],"author":[{"embeddable":true,"href":"https:\/\/camposerranoradio.com\/home\/wp-json\/wp\/v2\/users\/2"}],"replies":[{"embeddable":true,"href":"https:\/\/camposerranoradio.com\/home\/wp-json\/wp\/v2\/comments?post=9247"}],"version-history":[{"count":1,"href":"https:\/\/camposerranoradio.com\/home\/wp-json\/wp\/v2\/posts\/9247\/revisions"}],"predecessor-version":[{"id":9249,"href":"https:\/\/camposerranoradio.com\/home\/wp-json\/wp\/v2\/posts\/9247\/revisions\/9249"}],"wp:featuredmedia":[{"embeddable":true,"href":"https:\/\/camposerranoradio.com\/home\/wp-json\/wp\/v2\/media\/9248"}],"wp:attachment":[{"href":"https:\/\/camposerranoradio.com\/home\/wp-json\/wp\/v2\/media?parent=9247"}],"wp:term":[{"taxonomy":"category","embeddable":true,"href":"https:\/\/camposerranoradio.com\/home\/wp-json\/wp\/v2\/categories?post=9247"},{"taxonomy":"post_tag","embeddable":true,"href":"https:\/\/camposerranoradio.com\/home\/wp-json\/wp\/v2\/tags?post=9247"}],"curies":[{"name":"wp","href":"https:\/\/api.w.org\/{rel}","templated":true}]}}