{"id":9266,"date":"2026-02-17T14:29:14","date_gmt":"2026-02-17T14:29:14","guid":{"rendered":"https:\/\/camposerranoradio.com\/home\/?p=9266"},"modified":"2026-02-17T14:29:14","modified_gmt":"2026-02-17T14:29:14","slug":"paro-de-volqueteros-genera-bloqueos-en-vias-del-departamento-uno-de-los-puntos-de-mayor-afectacion-es-san-alberto","status":"publish","type":"post","link":"https:\/\/camposerranoradio.com\/home\/2026\/02\/17\/paro-de-volqueteros-genera-bloqueos-en-vias-del-departamento-uno-de-los-puntos-de-mayor-afectacion-es-san-alberto\/","title":{"rendered":"PARO DE VOLQUETEROS GENERA BLOQUEOS EN V\u00cdAS DEL DEPARTAMENTO, UNO DE LOS PUNTOS DE MAYOR AFECTACI\u00d3N ES SAN ALBERTO"},"content":{"rendered":"\n<p class=\"wp-block-paragraph\">Bloqueos intermitentes se registran en varias v\u00edas del departamento del Cesar como parte del paro adelantado por el gremio de volqueteros, generando complicaciones en la movilidad regional. Uno de los puntos de mayor afectaci\u00f3n se presenta en el corredor vial a la altura de San Alberto, donde el tr\u00e1nsito ha sido restringido en distintos momentos de la jornada.<br>Transportadores, viajeros y comerciantes reportan demoras considerables debido a las concentraciones de manifestantes, lo que ha alterado itinerarios y la movilizaci\u00f3n de mercanc\u00edas. Este tramo es estrat\u00e9gico para la conexi\u00f3n del departamento con otras regiones, por lo que cualquier interrupci\u00f3n impacta de manera directa la din\u00e1mica econ\u00f3mica y el flujo vehicular.<br>Durante la jornada se inform\u00f3 la habilitaci\u00f3n temporal de la v\u00eda en el sector, permitiendo el paso controlado de veh\u00edculos. Sin embargo, los voceros del gremio se\u00f1alaron que el paro continuar\u00e1 y que las concentraciones se retomaron desde las 6:00 de la ma\u00f1ana, manteniendo la posibilidad de nuevas restricciones.<br>Las autoridades mantienen presencia en los puntos donde se desarrollan las protestas con el fin de garantizar el orden p\u00fablico y promover canales de di\u00e1logo con los manifestantes. Entre tanto, se recomienda a la ciudadan\u00eda planificar sus desplazamientos, evaluar rutas alternas y mantenerse atenta a los reportes oficiales sobre el estado de las v\u00edas mientras avanza la jornada de manifestaci\u00f3n.<\/p>\n","protected":false},"excerpt":{"rendered":"<p>Bloqueos intermitentes se registran en varias v\u00edas del departamento del Cesar como parte del paro adelantado por el gremio de volqueteros, generando complicaciones en la movilidad regional. Uno de los puntos de mayor afectaci\u00f3n se presenta en el corredor vial a la altura de San Alberto, donde el tr\u00e1nsito ha sido restringido en distintos momentos [&hellip;]<\/p>\n","protected":false},"author":2,"featured_media":9267,"comment_status":"open","ping_status":"open","sticky":false,"template":"","format":"standard","meta":{"footnotes":""},"categories":[10,13],"tags":[],"class_list":["post-9266","post","type-post","status-publish","format-standard","has-post-thumbnail","hentry","category-general","category-news"],"_links":{"self":[{"href":"https:\/\/camposerranoradio.com\/home\/wp-json\/wp\/v2\/posts\/9266","targetHints":{"allow":["GET"]}}],"collection":[{"href":"https:\/\/camposerranoradio.com\/home\/wp-json\/wp\/v2\/posts"}],"about":[{"href":"https:\/\/camposerranoradio.com\/home\/wp-json\/wp\/v2\/types\/post"}],"author":[{"embeddable":true,"href":"https:\/\/camposerranoradio.com\/home\/wp-json\/wp\/v2\/users\/2"}],"replies":[{"embeddable":true,"href":"https:\/\/camposerranoradio.com\/home\/wp-json\/wp\/v2\/comments?post=9266"}],"version-history":[{"count":1,"href":"https:\/\/camposerranoradio.com\/home\/wp-json\/wp\/v2\/posts\/9266\/revisions"}],"predecessor-version":[{"id":9268,"href":"https:\/\/camposerranoradio.com\/home\/wp-json\/wp\/v2\/posts\/9266\/revisions\/9268"}],"wp:featuredmedia":[{"embeddable":true,"href":"https:\/\/camposerranoradio.com\/home\/wp-json\/wp\/v2\/media\/9267"}],"wp:attachment":[{"href":"https:\/\/camposerranoradio.com\/home\/wp-json\/wp\/v2\/media?parent=9266"}],"wp:term":[{"taxonomy":"category","embeddable":true,"href":"https:\/\/camposerranoradio.com\/home\/wp-json\/wp\/v2\/categories?post=9266"},{"taxonomy":"post_tag","embeddable":true,"href":"https:\/\/camposerranoradio.com\/home\/wp-json\/wp\/v2\/tags?post=9266"}],"curies":[{"name":"wp","href":"https:\/\/api.w.org\/{rel}","templated":true}]}}