{"id":9275,"date":"2026-02-24T17:40:07","date_gmt":"2026-02-24T17:40:07","guid":{"rendered":"https:\/\/camposerranoradio.com\/home\/?p=9275"},"modified":"2026-02-24T17:40:07","modified_gmt":"2026-02-24T17:40:07","slug":"con-visita-de-la-gobernadora-iniciara-construccion-de-coliseo-en-la-upc-y-sede-de-medicina-legal","status":"publish","type":"post","link":"https:\/\/camposerranoradio.com\/home\/2026\/02\/24\/con-visita-de-la-gobernadora-iniciara-construccion-de-coliseo-en-la-upc-y-sede-de-medicina-legal\/","title":{"rendered":"CON VISITA DE LA GOBERNADORA, INICIAR\u00c1 CONSTRUCCI\u00d3N DE COLISEO EN LA UPC Y SEDE DE MEDICINA LEGAL"},"content":{"rendered":"\n<p class=\"wp-block-paragraph\">La gobernadora del Cesar, Elvia Milena Sanjuan D\u00e1vila, visitar\u00e1 este martes 24 de febrero el municipio de Aguachica para encabezar dos actos de primera piedra que marcan el inicio de importantes proyectos para el sur del departamento. La agenda comenzar\u00e1 a las 9:00 de la ma\u00f1ana en la sede de la Universidad Popular del Cesar (UPC), donde se dar\u00e1 apertura oficial a la construcci\u00f3n del Coliseo Multifuncional.<\/p>\n\n\n\n<p class=\"wp-block-paragraph\"><br>Esta obra, impulsada por la Gobernaci\u00f3n del Cesar, busca fortalecer la infraestructura universitaria y ampliar los espacios para el desarrollo de actividades acad\u00e9micas, deportivas, culturales y eventos masivos, beneficiando a la comunidad estudiantil y consolidando al municipio como referente educativo en la regi\u00f3n.<\/p>\n\n\n\n<p class=\"wp-block-paragraph\"><br>Posteriormente, a las 10:30 de la ma\u00f1ana, la mandataria departamental liderar\u00e1 el acto de primera piedra de la nueva sede del Instituto Nacional de Medicina Legal y Ciencias Forenses, que se construir\u00e1 en la carrera 49 frente al cementerio Jardines de Los Antropolis. El proyecto responde a una necesidad hist\u00f3rica del municipio y del sur del Cesar, que no cuentan con infraestructura propia para la prestaci\u00f3n de estos servicios.<\/p>\n\n\n\n<p class=\"wp-block-paragraph\"><br>Seg\u00fan la informaci\u00f3n institucional, la iniciativa se ejecutar\u00e1 de manera articulada entre el Gobierno Departamental y el municipio, que aport\u00f3 el lote y adelant\u00f3 la adecuaci\u00f3n de la iluminaci\u00f3n del sector. Con estos actos protocolarios se da inicio formal a proyectos esperados por la comunidad, orientados a fortalecer la capacidad institucional y educativa del municipio.<\/p>\n","protected":false},"excerpt":{"rendered":"<p>La gobernadora del Cesar, Elvia Milena Sanjuan D\u00e1vila, visitar\u00e1 este martes 24 de febrero el municipio de Aguachica para encabezar dos actos de primera piedra que marcan el inicio de importantes proyectos para el sur del departamento. La agenda comenzar\u00e1 a las 9:00 de la ma\u00f1ana en la sede de la Universidad Popular del Cesar [&hellip;]<\/p>\n","protected":false},"author":2,"featured_media":9276,"comment_status":"open","ping_status":"open","sticky":false,"template":"","format":"standard","meta":{"footnotes":""},"categories":[13,5],"tags":[],"class_list":["post-9275","post","type-post","status-publish","format-standard","has-post-thumbnail","hentry","category-news","category-regional"],"_links":{"self":[{"href":"https:\/\/camposerranoradio.com\/home\/wp-json\/wp\/v2\/posts\/9275","targetHints":{"allow":["GET"]}}],"collection":[{"href":"https:\/\/camposerranoradio.com\/home\/wp-json\/wp\/v2\/posts"}],"about":[{"href":"https:\/\/camposerranoradio.com\/home\/wp-json\/wp\/v2\/types\/post"}],"author":[{"embeddable":true,"href":"https:\/\/camposerranoradio.com\/home\/wp-json\/wp\/v2\/users\/2"}],"replies":[{"embeddable":true,"href":"https:\/\/camposerranoradio.com\/home\/wp-json\/wp\/v2\/comments?post=9275"}],"version-history":[{"count":1,"href":"https:\/\/camposerranoradio.com\/home\/wp-json\/wp\/v2\/posts\/9275\/revisions"}],"predecessor-version":[{"id":9277,"href":"https:\/\/camposerranoradio.com\/home\/wp-json\/wp\/v2\/posts\/9275\/revisions\/9277"}],"wp:featuredmedia":[{"embeddable":true,"href":"https:\/\/camposerranoradio.com\/home\/wp-json\/wp\/v2\/media\/9276"}],"wp:attachment":[{"href":"https:\/\/camposerranoradio.com\/home\/wp-json\/wp\/v2\/media?parent=9275"}],"wp:term":[{"taxonomy":"category","embeddable":true,"href":"https:\/\/camposerranoradio.com\/home\/wp-json\/wp\/v2\/categories?post=9275"},{"taxonomy":"post_tag","embeddable":true,"href":"https:\/\/camposerranoradio.com\/home\/wp-json\/wp\/v2\/tags?post=9275"}],"curies":[{"name":"wp","href":"https:\/\/api.w.org\/{rel}","templated":true}]}}