{"id":9278,"date":"2026-02-24T17:52:47","date_gmt":"2026-02-24T17:52:47","guid":{"rendered":"https:\/\/camposerranoradio.com\/home\/?p=9278"},"modified":"2026-02-24T17:52:47","modified_gmt":"2026-02-24T17:52:47","slug":"un-ano-despues-del-paro-la-calle-16-sigue-esperando-soluciones","status":"publish","type":"post","link":"https:\/\/camposerranoradio.com\/home\/2026\/02\/24\/un-ano-despues-del-paro-la-calle-16-sigue-esperando-soluciones\/","title":{"rendered":"UN A\u00d1O DESPU\u00c9S DEL PARO, LA CALLE 16 SIGUE ESPERANDO SOLUCIONES"},"content":{"rendered":"\n<p class=\"wp-block-paragraph\">El 23 de febrero se cumpli\u00f3 un a\u00f1o del paro pac\u00edfico realizado por los habitantes de la calle 16, v\u00eda Puerto Mosquito. La manifestaci\u00f3n surgi\u00f3 ante el grave deterioro de esta v\u00eda estrat\u00e9gica para la movilidad y la econom\u00eda del sector. Doce meses despu\u00e9s, la escena es pr\u00e1cticamente la misma, polvo en verano, lodo en invierno y una carretera urbana que, seg\u00fan los residentes, parece m\u00e1s una trocha que una calle principal.<\/p>\n\n\n\n<p class=\"wp-block-paragraph\"><br>En su momento, durante la jornada de protesta, se anunciaron medidas y se habl\u00f3 de un decreto de movilidad que ayudar\u00eda a mitigar la problem\u00e1tica. Sin embargo, ese compromiso nunca se materializ\u00f3. Las promesas quedaron en discursos y reuniones, mientras la comunidad contin\u00faa enfrentando las mismas dificultades diarias para transitar, trabajar y desarrollar sus actividades comerciales.<\/p>\n\n\n\n<p class=\"wp-block-paragraph\"><br>Tambi\u00e9n se generaron expectativas frente a un proyecto de pavimentaci\u00f3n en concreto r\u00edgido para 1.260 metros lineales, iniciativa que pretend\u00eda transformar esta importante arteria vial del municipio. No obstante, seg\u00fan versiones conocidas por este medio, el proyecto fue presentado ante instancias departamentales con fallas en su estructuraci\u00f3n, lo que habr\u00eda provocado su devoluci\u00f3n. Para los habitantes, el resultado es claro, la obra no arranc\u00f3 y la v\u00eda sigue deterior\u00e1ndose.<\/p>\n\n\n\n<p class=\"wp-block-paragraph\"><br>Hoy, la inconformidad crece. Los residentes aseguran que si la v\u00eda contin\u00faa en el mismo estado y la administraci\u00f3n municipal no les presta atenci\u00f3n efectiva, retomar\u00e1n la protesta, esta vez de manera indefinida hasta obtener soluciones concretas. Afirman que no quieren m\u00e1s anuncios, sino hechos. La advertencia est\u00e1 hecha y la paciencia de la comunidad, aseguran, tiene l\u00edmite.<\/p>\n","protected":false},"excerpt":{"rendered":"<p>El 23 de febrero se cumpli\u00f3 un a\u00f1o del paro pac\u00edfico realizado por los habitantes de la calle 16, v\u00eda Puerto Mosquito. La manifestaci\u00f3n surgi\u00f3 ante el grave deterioro de esta v\u00eda estrat\u00e9gica para la movilidad y la econom\u00eda del sector. Doce meses despu\u00e9s, la escena es pr\u00e1cticamente la misma, polvo en verano, lodo en [&hellip;]<\/p>\n","protected":false},"author":2,"featured_media":9279,"comment_status":"open","ping_status":"open","sticky":false,"template":"","format":"standard","meta":{"footnotes":""},"categories":[11,13],"tags":[],"class_list":["post-9278","post","type-post","status-publish","format-standard","has-post-thumbnail","hentry","category-local","category-news"],"_links":{"self":[{"href":"https:\/\/camposerranoradio.com\/home\/wp-json\/wp\/v2\/posts\/9278","targetHints":{"allow":["GET"]}}],"collection":[{"href":"https:\/\/camposerranoradio.com\/home\/wp-json\/wp\/v2\/posts"}],"about":[{"href":"https:\/\/camposerranoradio.com\/home\/wp-json\/wp\/v2\/types\/post"}],"author":[{"embeddable":true,"href":"https:\/\/camposerranoradio.com\/home\/wp-json\/wp\/v2\/users\/2"}],"replies":[{"embeddable":true,"href":"https:\/\/camposerranoradio.com\/home\/wp-json\/wp\/v2\/comments?post=9278"}],"version-history":[{"count":1,"href":"https:\/\/camposerranoradio.com\/home\/wp-json\/wp\/v2\/posts\/9278\/revisions"}],"predecessor-version":[{"id":9280,"href":"https:\/\/camposerranoradio.com\/home\/wp-json\/wp\/v2\/posts\/9278\/revisions\/9280"}],"wp:featuredmedia":[{"embeddable":true,"href":"https:\/\/camposerranoradio.com\/home\/wp-json\/wp\/v2\/media\/9279"}],"wp:attachment":[{"href":"https:\/\/camposerranoradio.com\/home\/wp-json\/wp\/v2\/media?parent=9278"}],"wp:term":[{"taxonomy":"category","embeddable":true,"href":"https:\/\/camposerranoradio.com\/home\/wp-json\/wp\/v2\/categories?post=9278"},{"taxonomy":"post_tag","embeddable":true,"href":"https:\/\/camposerranoradio.com\/home\/wp-json\/wp\/v2\/tags?post=9278"}],"curies":[{"name":"wp","href":"https:\/\/api.w.org\/{rel}","templated":true}]}}