{"id":9282,"date":"2026-03-25T14:37:44","date_gmt":"2026-03-25T14:37:44","guid":{"rendered":"https:\/\/camposerranoradio.com\/home\/?p=9282"},"modified":"2026-03-25T14:37:44","modified_gmt":"2026-03-25T14:37:44","slug":"caracol-television-confirma-salida-de-dos-reconocidos-periodistas-en-medio-de-investigaciones-internas","status":"publish","type":"post","link":"https:\/\/camposerranoradio.com\/home\/2026\/03\/25\/caracol-television-confirma-salida-de-dos-reconocidos-periodistas-en-medio-de-investigaciones-internas\/","title":{"rendered":"CARACOL TELEVISI\u00d3N CONFIRMA SALIDA DE DOS RECONOCIDOS PERIODISTAS EN MEDIO DE INVESTIGACIONES INTERNAS"},"content":{"rendered":"\n<p class=\"wp-block-paragraph\">La cadena Caracol Televisi\u00f3n anunci\u00f3 oficialmente la desvinculaci\u00f3n de los periodistas Ricardo Orrego y Jorge Alfredo Vargas, en el marco de denuncias internas por acoso sexual. La decisi\u00f3n fue comunicada a trav\u00e9s de un pronunciamiento en el que la empresa reiter\u00f3 su compromiso con el respeto y la transparencia.<\/p>\n\n\n\n<p class=\"wp-block-paragraph\">Seg\u00fan lo informado, en el caso de Orrego la terminaci\u00f3n del contrato se realiz\u00f3 de manera unilateral, mientras que la salida de Vargas se dio mediante un acuerdo entre ambas partes. Estas medidas, explic\u00f3 el canal, responden a la necesidad de garantizar un adecuado desarrollo de los procesos en curso.<\/p>\n\n\n\n<p class=\"wp-block-paragraph\">La compa\u00f1\u00eda se\u00f1al\u00f3 que las denuncias est\u00e1n siendo tratadas con la debida seriedad y que se han activado los protocolos correspondientes para atender la situaci\u00f3n. Asimismo, indic\u00f3 que se busca proteger tanto a las personas que han presentado las quejas como a los implicados, asegurando un proceso justo.<\/p>\n\n\n\n<p class=\"wp-block-paragraph\">Finalmente, Caracol Televisi\u00f3n aclar\u00f3 que las decisiones adoptadas no representan un veredicto sobre los hechos, ya que las investigaciones contin\u00faan. El caso ha generado diversas reacciones en el \u00e1mbito medi\u00e1tico, mientras se espera el avance de las indagaciones y posibles determinaciones.<\/p>\n","protected":false},"excerpt":{"rendered":"<p>La cadena Caracol Televisi\u00f3n anunci\u00f3 oficialmente la desvinculaci\u00f3n de los periodistas Ricardo Orrego y Jorge Alfredo Vargas, en el marco de denuncias internas por acoso sexual. La decisi\u00f3n fue comunicada a trav\u00e9s de un pronunciamiento en el que la empresa reiter\u00f3 su compromiso con el respeto y la transparencia. Seg\u00fan lo informado, en el caso [&hellip;]<\/p>\n","protected":false},"author":2,"featured_media":9283,"comment_status":"open","ping_status":"open","sticky":false,"template":"","format":"standard","meta":{"footnotes":""},"categories":[10,30,17,13],"tags":[],"class_list":["post-9282","post","type-post","status-publish","format-standard","has-post-thumbnail","hentry","category-general","category-judicial","category-nacional","category-news"],"_links":{"self":[{"href":"https:\/\/camposerranoradio.com\/home\/wp-json\/wp\/v2\/posts\/9282","targetHints":{"allow":["GET"]}}],"collection":[{"href":"https:\/\/camposerranoradio.com\/home\/wp-json\/wp\/v2\/posts"}],"about":[{"href":"https:\/\/camposerranoradio.com\/home\/wp-json\/wp\/v2\/types\/post"}],"author":[{"embeddable":true,"href":"https:\/\/camposerranoradio.com\/home\/wp-json\/wp\/v2\/users\/2"}],"replies":[{"embeddable":true,"href":"https:\/\/camposerranoradio.com\/home\/wp-json\/wp\/v2\/comments?post=9282"}],"version-history":[{"count":1,"href":"https:\/\/camposerranoradio.com\/home\/wp-json\/wp\/v2\/posts\/9282\/revisions"}],"predecessor-version":[{"id":9284,"href":"https:\/\/camposerranoradio.com\/home\/wp-json\/wp\/v2\/posts\/9282\/revisions\/9284"}],"wp:featuredmedia":[{"embeddable":true,"href":"https:\/\/camposerranoradio.com\/home\/wp-json\/wp\/v2\/media\/9283"}],"wp:attachment":[{"href":"https:\/\/camposerranoradio.com\/home\/wp-json\/wp\/v2\/media?parent=9282"}],"wp:term":[{"taxonomy":"category","embeddable":true,"href":"https:\/\/camposerranoradio.com\/home\/wp-json\/wp\/v2\/categories?post=9282"},{"taxonomy":"post_tag","embeddable":true,"href":"https:\/\/camposerranoradio.com\/home\/wp-json\/wp\/v2\/tags?post=9282"}],"curies":[{"name":"wp","href":"https:\/\/api.w.org\/{rel}","templated":true}]}}