{"id":9285,"date":"2026-03-25T14:39:11","date_gmt":"2026-03-25T14:39:11","guid":{"rendered":"https:\/\/camposerranoradio.com\/home\/?p=9285"},"modified":"2026-03-25T14:39:11","modified_gmt":"2026-03-25T14:39:11","slug":"suben-los-casos-de-dengue-y-virus-en-ninos-de-aguachica-y-preocupan-al-sector-salud","status":"publish","type":"post","link":"https:\/\/camposerranoradio.com\/home\/2026\/03\/25\/suben-los-casos-de-dengue-y-virus-en-ninos-de-aguachica-y-preocupan-al-sector-salud\/","title":{"rendered":"SUBEN LOS CASOS DE DENGUE Y VIRUS EN NI\u00d1OS DE AGUACHICA Y PREOCUPAN AL SECTOR SALUD"},"content":{"rendered":"\n<p class=\"wp-block-paragraph\">Una creciente preocupaci\u00f3n se registra en Aguachica debido al aumento de casos de dengue y afecciones virales que est\u00e1n afectando principalmente a la poblaci\u00f3n infantil. La situaci\u00f3n ha generado una mayor afluencia de menores en centros asistenciales del municipio.<\/p>\n\n\n\n<p class=\"wp-block-paragraph\">En el Hospital Regional Jos\u00e9 David Padilla Villafa\u00f1e se ha evidenciado una alta ocupaci\u00f3n en el \u00e1rea de pediatr\u00eda, donde diariamente ingresan ni\u00f1os con s\u00edntomas como fiebre alta, dolores musculares, decaimiento y otros signos relacionados con estas enfermedades.<\/p>\n\n\n\n<p class=\"wp-block-paragraph\">El incremento de casos ha exigido un mayor esfuerzo por parte del personal m\u00e9dico, que trabaja para brindar atenci\u00f3n oportuna a los pacientes. Ante este panorama, las autoridades de salud insisten en la importancia de que los padres acudan r\u00e1pidamente a consulta m\u00e9dica al detectar cualquier s\u00edntoma en los menores.<\/p>\n\n\n\n<p class=\"wp-block-paragraph\">De igual forma, se hace \u00e9nfasis en reforzar las acciones preventivas en los hogares, especialmente aquellas orientadas a evitar la proliferaci\u00f3n del mosquito transmisor del dengue, como eliminar dep\u00f3sitos de agua, mantener limpios los entornos y adoptar h\u00e1bitos que contribuyan a proteger la salud de la comunidad.<\/p>\n","protected":false},"excerpt":{"rendered":"<p>Una creciente preocupaci\u00f3n se registra en Aguachica debido al aumento de casos de dengue y afecciones virales que est\u00e1n afectando principalmente a la poblaci\u00f3n infantil. La situaci\u00f3n ha generado una mayor afluencia de menores en centros asistenciales del municipio. En el Hospital Regional Jos\u00e9 David Padilla Villafa\u00f1e se ha evidenciado una alta ocupaci\u00f3n en el [&hellip;]<\/p>\n","protected":false},"author":2,"featured_media":9286,"comment_status":"open","ping_status":"open","sticky":false,"template":"","format":"standard","meta":{"footnotes":""},"categories":[11,13,5],"tags":[],"class_list":["post-9285","post","type-post","status-publish","format-standard","has-post-thumbnail","hentry","category-local","category-news","category-regional"],"_links":{"self":[{"href":"https:\/\/camposerranoradio.com\/home\/wp-json\/wp\/v2\/posts\/9285","targetHints":{"allow":["GET"]}}],"collection":[{"href":"https:\/\/camposerranoradio.com\/home\/wp-json\/wp\/v2\/posts"}],"about":[{"href":"https:\/\/camposerranoradio.com\/home\/wp-json\/wp\/v2\/types\/post"}],"author":[{"embeddable":true,"href":"https:\/\/camposerranoradio.com\/home\/wp-json\/wp\/v2\/users\/2"}],"replies":[{"embeddable":true,"href":"https:\/\/camposerranoradio.com\/home\/wp-json\/wp\/v2\/comments?post=9285"}],"version-history":[{"count":1,"href":"https:\/\/camposerranoradio.com\/home\/wp-json\/wp\/v2\/posts\/9285\/revisions"}],"predecessor-version":[{"id":9287,"href":"https:\/\/camposerranoradio.com\/home\/wp-json\/wp\/v2\/posts\/9285\/revisions\/9287"}],"wp:featuredmedia":[{"embeddable":true,"href":"https:\/\/camposerranoradio.com\/home\/wp-json\/wp\/v2\/media\/9286"}],"wp:attachment":[{"href":"https:\/\/camposerranoradio.com\/home\/wp-json\/wp\/v2\/media?parent=9285"}],"wp:term":[{"taxonomy":"category","embeddable":true,"href":"https:\/\/camposerranoradio.com\/home\/wp-json\/wp\/v2\/categories?post=9285"},{"taxonomy":"post_tag","embeddable":true,"href":"https:\/\/camposerranoradio.com\/home\/wp-json\/wp\/v2\/tags?post=9285"}],"curies":[{"name":"wp","href":"https:\/\/api.w.org\/{rel}","templated":true}]}}