{"id":9288,"date":"2026-03-25T14:40:55","date_gmt":"2026-03-25T14:40:55","guid":{"rendered":"https:\/\/camposerranoradio.com\/home\/?p=9288"},"modified":"2026-03-25T14:40:55","modified_gmt":"2026-03-25T14:40:55","slug":"denuncian-abandono-de-animales-en-el-bosque-del-aguil","status":"publish","type":"post","link":"https:\/\/camposerranoradio.com\/home\/2026\/03\/25\/denuncian-abandono-de-animales-en-el-bosque-del-aguil\/","title":{"rendered":"DENUNCIAN ABANDONO DE ANIMALES EN EL BOSQUE DEL \u00c1GUIL"},"content":{"rendered":"\n<p class=\"wp-block-paragraph\">Habitantes del barrio El Bosque, en la carrera 12 con calle 1, denunciaron una preocupante situaci\u00f3n que se viene presentando en el bosque del \u00c1guil, considerado uno de los pulmones verdes del municipio. Seg\u00fan la comunidad, este lugar est\u00e1 siendo utilizado por algunas personas para abandonar animales, especialmente perros y gatos.<\/p>\n\n\n\n<p class=\"wp-block-paragraph\">De acuerdo con los residentes, de manera constante llegan ciudadanos hasta esta zona para dejar a los animales a su suerte, sin ning\u00fan tipo de responsabilidad. Muchos de ellos terminan deambulando en condiciones precarias, expuestos al hambre, enfermedades y otros riesgos propios del entorno.<\/p>\n\n\n\n<p class=\"wp-block-paragraph\">La comunidad manifiesta su inconformidad, se\u00f1alando que esta problem\u00e1tica no solo afecta el bienestar de los animales, sino que tambi\u00e9n podr\u00eda generar inconvenientes de salubridad y seguridad en el sector. Adem\u00e1s, advierten que este espacio natural est\u00e1 siendo afectado por estas pr\u00e1cticas irresponsables.<\/p>\n\n\n\n<p class=\"wp-block-paragraph\">Ante esta situaci\u00f3n, hacen un llamado urgente a las autoridades municipales y a las entidades de protecci\u00f3n animal para que se tomen medidas frente a estos casos, y reiteran la importancia de la tenencia responsable de mascotas para evitar que el abandono contin\u00fae en este importante pulm\u00f3n verde de Aguachica.<\/p>\n","protected":false},"excerpt":{"rendered":"<p>Habitantes del barrio El Bosque, en la carrera 12 con calle 1, denunciaron una preocupante situaci\u00f3n que se viene presentando en el bosque del \u00c1guil, considerado uno de los pulmones verdes del municipio. Seg\u00fan la comunidad, este lugar est\u00e1 siendo utilizado por algunas personas para abandonar animales, especialmente perros y gatos. De acuerdo con los [&hellip;]<\/p>\n","protected":false},"author":2,"featured_media":9289,"comment_status":"open","ping_status":"open","sticky":false,"template":"","format":"standard","meta":{"footnotes":""},"categories":[10,11,13],"tags":[],"class_list":["post-9288","post","type-post","status-publish","format-standard","has-post-thumbnail","hentry","category-general","category-local","category-news"],"_links":{"self":[{"href":"https:\/\/camposerranoradio.com\/home\/wp-json\/wp\/v2\/posts\/9288","targetHints":{"allow":["GET"]}}],"collection":[{"href":"https:\/\/camposerranoradio.com\/home\/wp-json\/wp\/v2\/posts"}],"about":[{"href":"https:\/\/camposerranoradio.com\/home\/wp-json\/wp\/v2\/types\/post"}],"author":[{"embeddable":true,"href":"https:\/\/camposerranoradio.com\/home\/wp-json\/wp\/v2\/users\/2"}],"replies":[{"embeddable":true,"href":"https:\/\/camposerranoradio.com\/home\/wp-json\/wp\/v2\/comments?post=9288"}],"version-history":[{"count":1,"href":"https:\/\/camposerranoradio.com\/home\/wp-json\/wp\/v2\/posts\/9288\/revisions"}],"predecessor-version":[{"id":9290,"href":"https:\/\/camposerranoradio.com\/home\/wp-json\/wp\/v2\/posts\/9288\/revisions\/9290"}],"wp:featuredmedia":[{"embeddable":true,"href":"https:\/\/camposerranoradio.com\/home\/wp-json\/wp\/v2\/media\/9289"}],"wp:attachment":[{"href":"https:\/\/camposerranoradio.com\/home\/wp-json\/wp\/v2\/media?parent=9288"}],"wp:term":[{"taxonomy":"category","embeddable":true,"href":"https:\/\/camposerranoradio.com\/home\/wp-json\/wp\/v2\/categories?post=9288"},{"taxonomy":"post_tag","embeddable":true,"href":"https:\/\/camposerranoradio.com\/home\/wp-json\/wp\/v2\/tags?post=9288"}],"curies":[{"name":"wp","href":"https:\/\/api.w.org\/{rel}","templated":true}]}}