{"id":9295,"date":"2026-04-13T17:14:50","date_gmt":"2026-04-13T17:14:50","guid":{"rendered":"https:\/\/camposerranoradio.com\/home\/?p=9295"},"modified":"2026-04-13T17:14:50","modified_gmt":"2026-04-13T17:14:50","slug":"aumenta-el-malestar-ciudadano-por-fallas-en-la-recoleccion-de-basuras","status":"publish","type":"post","link":"https:\/\/camposerranoradio.com\/home\/2026\/04\/13\/aumenta-el-malestar-ciudadano-por-fallas-en-la-recoleccion-de-basuras\/","title":{"rendered":"AUMENTA EL MALESTAR CIUDADANO POR FALLAS EN LA RECOLECCI\u00d3N DE BASURAS"},"content":{"rendered":"\n<p class=\"wp-block-paragraph\">La acumulaci\u00f3n de residuos en distintos puntos del municipio ha generado una nueva ola de inconformidad entre los habitantes, quienes advierten que la falta de recolecci\u00f3n oportuna est\u00e1 deteriorando tanto el entorno como la calidad de vida en la zona urbana. En varias calles y andenes se observan bolsas de basura expuestas desde tempranas horas del d\u00eda.<br>De acuerdo con la comunidad, el servicio de aseo no habr\u00eda cumplido con los recorridos establecidos, lo que provoc\u00f3 que los desechos permanecieran en v\u00eda p\u00fablica por m\u00e1s tiempo del habitual. A esto se suma otro factor que incrementa el malestar: la empresa prestadora del servicio, Veolia, no informa previamente a la ciudadan\u00eda cuando el carro recolector no va a pasar, dejando a los habitantes sin claridad ni alternativas frente a la situaci\u00f3n.<br>Adem\u00e1s del impacto visual, los ciudadanos alertan sobre los riesgos sanitarios que esto implica, ya que la acumulaci\u00f3n de basura favorece la proliferaci\u00f3n de insectos y posibles focos de contaminaci\u00f3n. Tambi\u00e9n cuestionan por qu\u00e9 la empresa no comunica oportunamente estas fallas, cuando es su responsabilidad mantener informada a la comunidad sobre cualquier cambio o incumplimiento en el servicio.<br>Ante este panorama, los habitantes hacen un llamado urgente a la empresa encargada del servicio para que garantice el cumplimiento de los horarios y mejore sus canales de informaci\u00f3n. Insisten en que no se trata de un hecho aislado, sino de una situaci\u00f3n recurrente que requiere atenci\u00f3n inmediata para evitar mayores afectaciones.<\/p>\n","protected":false},"excerpt":{"rendered":"<p>La acumulaci\u00f3n de residuos en distintos puntos del municipio ha generado una nueva ola de inconformidad entre los habitantes, quienes advierten que la falta de recolecci\u00f3n oportuna est\u00e1 deteriorando tanto el entorno como la calidad de vida en la zona urbana. En varias calles y andenes se observan bolsas de basura expuestas desde tempranas horas [&hellip;]<\/p>\n","protected":false},"author":2,"featured_media":9296,"comment_status":"open","ping_status":"open","sticky":false,"template":"","format":"standard","meta":{"footnotes":""},"categories":[10,11,17],"tags":[],"class_list":["post-9295","post","type-post","status-publish","format-standard","has-post-thumbnail","hentry","category-general","category-local","category-nacional"],"_links":{"self":[{"href":"https:\/\/camposerranoradio.com\/home\/wp-json\/wp\/v2\/posts\/9295","targetHints":{"allow":["GET"]}}],"collection":[{"href":"https:\/\/camposerranoradio.com\/home\/wp-json\/wp\/v2\/posts"}],"about":[{"href":"https:\/\/camposerranoradio.com\/home\/wp-json\/wp\/v2\/types\/post"}],"author":[{"embeddable":true,"href":"https:\/\/camposerranoradio.com\/home\/wp-json\/wp\/v2\/users\/2"}],"replies":[{"embeddable":true,"href":"https:\/\/camposerranoradio.com\/home\/wp-json\/wp\/v2\/comments?post=9295"}],"version-history":[{"count":1,"href":"https:\/\/camposerranoradio.com\/home\/wp-json\/wp\/v2\/posts\/9295\/revisions"}],"predecessor-version":[{"id":9297,"href":"https:\/\/camposerranoradio.com\/home\/wp-json\/wp\/v2\/posts\/9295\/revisions\/9297"}],"wp:featuredmedia":[{"embeddable":true,"href":"https:\/\/camposerranoradio.com\/home\/wp-json\/wp\/v2\/media\/9296"}],"wp:attachment":[{"href":"https:\/\/camposerranoradio.com\/home\/wp-json\/wp\/v2\/media?parent=9295"}],"wp:term":[{"taxonomy":"category","embeddable":true,"href":"https:\/\/camposerranoradio.com\/home\/wp-json\/wp\/v2\/categories?post=9295"},{"taxonomy":"post_tag","embeddable":true,"href":"https:\/\/camposerranoradio.com\/home\/wp-json\/wp\/v2\/tags?post=9295"}],"curies":[{"name":"wp","href":"https:\/\/api.w.org\/{rel}","templated":true}]}}