{"id":9324,"date":"2026-04-24T17:30:05","date_gmt":"2026-04-24T17:30:05","guid":{"rendered":"https:\/\/camposerranoradio.com\/home\/?p=9324"},"modified":"2026-04-24T17:30:05","modified_gmt":"2026-04-24T17:30:05","slug":"arboles-sin-poda-afectan-iluminacion-y-generan-riesgo-electrico-en-varios-sectores","status":"publish","type":"post","link":"https:\/\/camposerranoradio.com\/home\/2026\/04\/24\/arboles-sin-poda-afectan-iluminacion-y-generan-riesgo-electrico-en-varios-sectores\/","title":{"rendered":"\u00c1RBOLES SIN PODA AFECTAN ILUMINACI\u00d3N Y GENERAN RIESGO EL\u00c9CTRICO EN VARIOS SECTORES"},"content":{"rendered":"\n<p class=\"wp-block-paragraph\">Habitantes de la calle tercera, entre las carreras 33, 34 y 35, alertaron sobre la falta de poda de \u00e1rboles que est\u00e1 afectando la iluminaci\u00f3n p\u00fablica y generando situaciones de riesgo en la zona. La vegetaci\u00f3n, cada vez m\u00e1s frondosa, cubre las luminarias e impide una adecuada visibilidad durante las noches.<\/p>\n\n\n\n<p class=\"wp-block-paragraph\">Seg\u00fan la comunidad, varias plantas han crecido de manera descontrolada, al punto de bloquear completamente la luz en algunos tramos, lo que incrementa la percepci\u00f3n de inseguridad. A esto se suma la preocupaci\u00f3n por otras que han alcanzado gran altura y ya se encuentran muy cerca de las redes de energ\u00eda el\u00e9ctrica.<\/p>\n\n\n\n<p class=\"wp-block-paragraph\">Los residentes advierten que esta situaci\u00f3n no es aislada, sino que se repite en diferentes sectores del municipio, donde la falta de mantenimiento de las zonas verdes est\u00e1 generando afectaciones tanto en la movilidad como en la seguridad.<\/p>\n\n\n\n<p class=\"wp-block-paragraph\">Ante este panorama, hacen un llamado urgente a las entidades correspondientes para que realicen jornadas de poda y mantenimiento, con el fin de restablecer la iluminaci\u00f3n y prevenir posibles emergencias relacionadas con el contacto de las ramas con el cableado el\u00e9ctrico.<\/p>\n","protected":false},"excerpt":{"rendered":"<p>Habitantes de la calle tercera, entre las carreras 33, 34 y 35, alertaron sobre la falta de poda de \u00e1rboles que est\u00e1 afectando la iluminaci\u00f3n p\u00fablica y generando situaciones de riesgo en la zona. La vegetaci\u00f3n, cada vez m\u00e1s frondosa, cubre las luminarias e impide una adecuada visibilidad durante las noches. Seg\u00fan la comunidad, varias [&hellip;]<\/p>\n","protected":false},"author":2,"featured_media":9325,"comment_status":"open","ping_status":"open","sticky":false,"template":"","format":"standard","meta":{"footnotes":""},"categories":[11,17],"tags":[],"class_list":["post-9324","post","type-post","status-publish","format-standard","has-post-thumbnail","hentry","category-local","category-nacional"],"_links":{"self":[{"href":"https:\/\/camposerranoradio.com\/home\/wp-json\/wp\/v2\/posts\/9324","targetHints":{"allow":["GET"]}}],"collection":[{"href":"https:\/\/camposerranoradio.com\/home\/wp-json\/wp\/v2\/posts"}],"about":[{"href":"https:\/\/camposerranoradio.com\/home\/wp-json\/wp\/v2\/types\/post"}],"author":[{"embeddable":true,"href":"https:\/\/camposerranoradio.com\/home\/wp-json\/wp\/v2\/users\/2"}],"replies":[{"embeddable":true,"href":"https:\/\/camposerranoradio.com\/home\/wp-json\/wp\/v2\/comments?post=9324"}],"version-history":[{"count":1,"href":"https:\/\/camposerranoradio.com\/home\/wp-json\/wp\/v2\/posts\/9324\/revisions"}],"predecessor-version":[{"id":9326,"href":"https:\/\/camposerranoradio.com\/home\/wp-json\/wp\/v2\/posts\/9324\/revisions\/9326"}],"wp:featuredmedia":[{"embeddable":true,"href":"https:\/\/camposerranoradio.com\/home\/wp-json\/wp\/v2\/media\/9325"}],"wp:attachment":[{"href":"https:\/\/camposerranoradio.com\/home\/wp-json\/wp\/v2\/media?parent=9324"}],"wp:term":[{"taxonomy":"category","embeddable":true,"href":"https:\/\/camposerranoradio.com\/home\/wp-json\/wp\/v2\/categories?post=9324"},{"taxonomy":"post_tag","embeddable":true,"href":"https:\/\/camposerranoradio.com\/home\/wp-json\/wp\/v2\/tags?post=9324"}],"curies":[{"name":"wp","href":"https:\/\/api.w.org\/{rel}","templated":true}]}}