{"id":9330,"date":"2026-04-28T12:27:54","date_gmt":"2026-04-28T12:27:54","guid":{"rendered":"https:\/\/camposerranoradio.com\/home\/?p=9330"},"modified":"2026-04-28T12:27:54","modified_gmt":"2026-04-28T12:27:54","slug":"conmocion-en-aguachica-tras-la-muerte-de-un-joven-de-22-anos","status":"publish","type":"post","link":"https:\/\/camposerranoradio.com\/home\/2026\/04\/28\/conmocion-en-aguachica-tras-la-muerte-de-un-joven-de-22-anos\/","title":{"rendered":"CONMOCI\u00d3N EN AGUACHICA TRAS LA MUERTE DE UN JOVEN DE 22 A\u00d1OS"},"content":{"rendered":"\n<p class=\"wp-block-paragraph\">El municipio de Aguachica atraviesa momentos de tristeza tras conocerse el fallecimiento de Juan Camilo Jaimes Macea, un joven de 22 a\u00f1os reconocido en la comunidad por su iniciativa emprendedora, especialmente en el sector de la moda.<\/p>\n\n\n\n<p class=\"wp-block-paragraph\"><br>El hecho se registr\u00f3 en las \u00faltimas horas en una vivienda del barrio La Ceiba. Seg\u00fan informaci\u00f3n preliminar de las autoridades, una de las hip\u00f3tesis apunta a un posible suicidio; sin embargo, ser\u00e1n las investigaciones oficiales las que determinen con claridad las circunstancias en las que ocurri\u00f3 el caso.<br>La noticia ha causado un fuerte impacto entre familiares, amigos y conocidos, quienes recuerdan al joven por sus cualidades personales y el entusiasmo con el que ven\u00eda desarrollando sus proyectos.<\/p>\n\n\n\n<p class=\"wp-block-paragraph\"> En redes sociales, se han multiplicado los mensajes de solidaridad y acompa\u00f1amiento hacia sus seres queridos.<br>Unidades del Cuerpo T\u00e9cnico de Investigaci\u00f3n (CTI) asumieron los actos urgentes y contin\u00faan con la recolecci\u00f3n de evidencias y testimonios para esclarecer lo ocurrido. Hasta el momento, no se han dado a conocer conclusiones definitivas.<\/p>\n","protected":false},"excerpt":{"rendered":"<p>El municipio de Aguachica atraviesa momentos de tristeza tras conocerse el fallecimiento de Juan Camilo Jaimes Macea, un joven de 22 a\u00f1os reconocido en la comunidad por su iniciativa emprendedora, especialmente en el sector de la moda. El hecho se registr\u00f3 en las \u00faltimas horas en una vivienda del barrio La Ceiba. Seg\u00fan informaci\u00f3n preliminar [&hellip;]<\/p>\n","protected":false},"author":2,"featured_media":9331,"comment_status":"open","ping_status":"open","sticky":false,"template":"","format":"standard","meta":{"footnotes":""},"categories":[10,11,13],"tags":[],"class_list":["post-9330","post","type-post","status-publish","format-standard","has-post-thumbnail","hentry","category-general","category-local","category-news"],"_links":{"self":[{"href":"https:\/\/camposerranoradio.com\/home\/wp-json\/wp\/v2\/posts\/9330","targetHints":{"allow":["GET"]}}],"collection":[{"href":"https:\/\/camposerranoradio.com\/home\/wp-json\/wp\/v2\/posts"}],"about":[{"href":"https:\/\/camposerranoradio.com\/home\/wp-json\/wp\/v2\/types\/post"}],"author":[{"embeddable":true,"href":"https:\/\/camposerranoradio.com\/home\/wp-json\/wp\/v2\/users\/2"}],"replies":[{"embeddable":true,"href":"https:\/\/camposerranoradio.com\/home\/wp-json\/wp\/v2\/comments?post=9330"}],"version-history":[{"count":1,"href":"https:\/\/camposerranoradio.com\/home\/wp-json\/wp\/v2\/posts\/9330\/revisions"}],"predecessor-version":[{"id":9332,"href":"https:\/\/camposerranoradio.com\/home\/wp-json\/wp\/v2\/posts\/9330\/revisions\/9332"}],"wp:featuredmedia":[{"embeddable":true,"href":"https:\/\/camposerranoradio.com\/home\/wp-json\/wp\/v2\/media\/9331"}],"wp:attachment":[{"href":"https:\/\/camposerranoradio.com\/home\/wp-json\/wp\/v2\/media?parent=9330"}],"wp:term":[{"taxonomy":"category","embeddable":true,"href":"https:\/\/camposerranoradio.com\/home\/wp-json\/wp\/v2\/categories?post=9330"},{"taxonomy":"post_tag","embeddable":true,"href":"https:\/\/camposerranoradio.com\/home\/wp-json\/wp\/v2\/tags?post=9330"}],"curies":[{"name":"wp","href":"https:\/\/api.w.org\/{rel}","templated":true}]}}