{"id":9336,"date":"2026-04-28T12:33:54","date_gmt":"2026-04-28T12:33:54","guid":{"rendered":"https:\/\/camposerranoradio.com\/home\/?p=9336"},"modified":"2026-04-28T12:33:54","modified_gmt":"2026-04-28T12:33:54","slug":"caen-dos-presuntos-miembros-de-estructura-criminal-en-operativos-policiales","status":"publish","type":"post","link":"https:\/\/camposerranoradio.com\/home\/2026\/04\/28\/caen-dos-presuntos-miembros-de-estructura-criminal-en-operativos-policiales\/","title":{"rendered":"CAEN DOS PRESUNTOS MIEMBROS DE ESTRUCTURA CRIMINAL EN OPERATIVOS POLICIALES"},"content":{"rendered":"\n<p class=\"wp-block-paragraph\">En medio de las estrategias de seguridad adelantadas por la Polic\u00eda Nacional, fueron capturadas dos personas se\u00f1aladas de hacer parte de una estructura criminal con injerencia en esta zona del pa\u00eds. El operativo fue desarrollado por unidades de la Seccional de Investigaci\u00f3n Criminal, en el marco de acciones contra delitos de alto impacto.<\/p>\n\n\n\n<p class=\"wp-block-paragraph\"><br>Uno de los procedimientos se llev\u00f3 a cabo en el municipio de Gamarra, donde fue detenido en v\u00eda p\u00fablica un joven de 21 a\u00f1os, requerido por orden judicial por los delitos de homicidio agravado, tentativa de homicidio y porte ilegal de armas de fuego. Seg\u00fan las investigaciones, este individuo, conocido con el alias de \u201cMayito\u201d, estar\u00eda vinculado a actividades sicariales dentro de la organizaci\u00f3n.<\/p>\n\n\n\n<p class=\"wp-block-paragraph\"><br>De manera paralela, en Aguachica fue notificada la orden de captura a un hombre de 27 a\u00f1os, identificado con el alias de \u201cPira\u00f1a\u201d, quien tambi\u00e9n es requerido por la Fiscal\u00eda por los mismos delitos. De acuerdo con las autoridades, este sujeto tendr\u00eda un rol de liderazgo dentro de la estructura, siendo se\u00f1alado como presunto coordinador de acciones violentas.<\/p>\n\n\n\n<p class=\"wp-block-paragraph\"><br>Ambos capturados quedaron a disposici\u00f3n de las autoridades competentes, mientras avanzan los procesos judiciales en su contra. La Polic\u00eda Nacional se\u00f1al\u00f3 que este tipo de resultados hacen parte de las acciones para contrarrestar el accionar de grupos armados organizados y fortalecer la seguridad en la regi\u00f3n.<\/p>\n","protected":false},"excerpt":{"rendered":"<p>En medio de las estrategias de seguridad adelantadas por la Polic\u00eda Nacional, fueron capturadas dos personas se\u00f1aladas de hacer parte de una estructura criminal con injerencia en esta zona del pa\u00eds. El operativo fue desarrollado por unidades de la Seccional de Investigaci\u00f3n Criminal, en el marco de acciones contra delitos de alto impacto. Uno de [&hellip;]<\/p>\n","protected":false},"author":2,"featured_media":9337,"comment_status":"open","ping_status":"open","sticky":false,"template":"","format":"standard","meta":{"footnotes":""},"categories":[11,17,13],"tags":[],"class_list":["post-9336","post","type-post","status-publish","format-standard","has-post-thumbnail","hentry","category-local","category-nacional","category-news"],"_links":{"self":[{"href":"https:\/\/camposerranoradio.com\/home\/wp-json\/wp\/v2\/posts\/9336","targetHints":{"allow":["GET"]}}],"collection":[{"href":"https:\/\/camposerranoradio.com\/home\/wp-json\/wp\/v2\/posts"}],"about":[{"href":"https:\/\/camposerranoradio.com\/home\/wp-json\/wp\/v2\/types\/post"}],"author":[{"embeddable":true,"href":"https:\/\/camposerranoradio.com\/home\/wp-json\/wp\/v2\/users\/2"}],"replies":[{"embeddable":true,"href":"https:\/\/camposerranoradio.com\/home\/wp-json\/wp\/v2\/comments?post=9336"}],"version-history":[{"count":1,"href":"https:\/\/camposerranoradio.com\/home\/wp-json\/wp\/v2\/posts\/9336\/revisions"}],"predecessor-version":[{"id":9338,"href":"https:\/\/camposerranoradio.com\/home\/wp-json\/wp\/v2\/posts\/9336\/revisions\/9338"}],"wp:featuredmedia":[{"embeddable":true,"href":"https:\/\/camposerranoradio.com\/home\/wp-json\/wp\/v2\/media\/9337"}],"wp:attachment":[{"href":"https:\/\/camposerranoradio.com\/home\/wp-json\/wp\/v2\/media?parent=9336"}],"wp:term":[{"taxonomy":"category","embeddable":true,"href":"https:\/\/camposerranoradio.com\/home\/wp-json\/wp\/v2\/categories?post=9336"},{"taxonomy":"post_tag","embeddable":true,"href":"https:\/\/camposerranoradio.com\/home\/wp-json\/wp\/v2\/tags?post=9336"}],"curies":[{"name":"wp","href":"https:\/\/api.w.org\/{rel}","templated":true}]}}