{"id":9339,"date":"2026-04-28T12:36:23","date_gmt":"2026-04-28T12:36:23","guid":{"rendered":"https:\/\/camposerranoradio.com\/home\/?p=9339"},"modified":"2026-04-28T12:36:23","modified_gmt":"2026-04-28T12:36:23","slug":"aguachica-se-prepara-para-la-bendicion-de-una-nueva-capilla-de-adoracion","status":"publish","type":"post","link":"https:\/\/camposerranoradio.com\/home\/2026\/04\/28\/aguachica-se-prepara-para-la-bendicion-de-una-nueva-capilla-de-adoracion\/","title":{"rendered":"AGUACHICA SE PREPARA PARA LA BENDICI\u00d3N DE UNA NUEVA CAPILLA DE ADORACI\u00d3N"},"content":{"rendered":"\n<p class=\"wp-block-paragraph\">La comunidad cat\u00f3lica de Aguachica se alista para vivir un momento especial con la apertura de un nuevo espacio dedicado a la oraci\u00f3n y el encuentro espiritual. La Parroquia Nuestra Se\u00f1ora del Carmen ser\u00e1 el escenario de este significativo acontecimiento que re\u00fane a fieles y ciudadanos en torno a la fe.<\/p>\n\n\n\n<p class=\"wp-block-paragraph\"><br>El acto se llevar\u00e1 a cabo el pr\u00f3ximo s\u00e1bado 2 de mayo a las 6:30 p.m. y contar\u00e1 con la presencia del obispo Orlando Olave Villanoba, quien encabezar\u00e1 la ceremonia de inauguraci\u00f3n y bendici\u00f3n de la capilla de adoraci\u00f3n, un lugar concebido para el recogimiento y la conexi\u00f3n con lo sagrado.<\/p>\n\n\n\n<p class=\"wp-block-paragraph\"><br>Este proyecto no solo representa una obra f\u00edsica, sino tambi\u00e9n un s\u00edmbolo de renovaci\u00f3n espiritual para los creyentes, quienes ven en esta capilla una oportunidad para fortalecer su fe, encontrar consuelo y compartir momentos de reflexi\u00f3n en comunidad.<\/p>\n\n\n\n<p class=\"wp-block-paragraph\"><br>La invitaci\u00f3n est\u00e1 abierta para todos aquellos que deseen participar en esta celebraci\u00f3n, que promete convertirse en un punto de encuentro para la esperanza y la uni\u00f3n, reafirmando los valores espirituales que caracterizan a la comunidad de Aguachica.<\/p>\n","protected":false},"excerpt":{"rendered":"<p>La comunidad cat\u00f3lica de Aguachica se alista para vivir un momento especial con la apertura de un nuevo espacio dedicado a la oraci\u00f3n y el encuentro espiritual. La Parroquia Nuestra Se\u00f1ora del Carmen ser\u00e1 el escenario de este significativo acontecimiento que re\u00fane a fieles y ciudadanos en torno a la fe. El acto se llevar\u00e1 [&hellip;]<\/p>\n","protected":false},"author":2,"featured_media":9340,"comment_status":"open","ping_status":"open","sticky":false,"template":"","format":"standard","meta":{"footnotes":""},"categories":[11,13],"tags":[],"class_list":["post-9339","post","type-post","status-publish","format-standard","has-post-thumbnail","hentry","category-local","category-news"],"_links":{"self":[{"href":"https:\/\/camposerranoradio.com\/home\/wp-json\/wp\/v2\/posts\/9339","targetHints":{"allow":["GET"]}}],"collection":[{"href":"https:\/\/camposerranoradio.com\/home\/wp-json\/wp\/v2\/posts"}],"about":[{"href":"https:\/\/camposerranoradio.com\/home\/wp-json\/wp\/v2\/types\/post"}],"author":[{"embeddable":true,"href":"https:\/\/camposerranoradio.com\/home\/wp-json\/wp\/v2\/users\/2"}],"replies":[{"embeddable":true,"href":"https:\/\/camposerranoradio.com\/home\/wp-json\/wp\/v2\/comments?post=9339"}],"version-history":[{"count":1,"href":"https:\/\/camposerranoradio.com\/home\/wp-json\/wp\/v2\/posts\/9339\/revisions"}],"predecessor-version":[{"id":9341,"href":"https:\/\/camposerranoradio.com\/home\/wp-json\/wp\/v2\/posts\/9339\/revisions\/9341"}],"wp:featuredmedia":[{"embeddable":true,"href":"https:\/\/camposerranoradio.com\/home\/wp-json\/wp\/v2\/media\/9340"}],"wp:attachment":[{"href":"https:\/\/camposerranoradio.com\/home\/wp-json\/wp\/v2\/media?parent=9339"}],"wp:term":[{"taxonomy":"category","embeddable":true,"href":"https:\/\/camposerranoradio.com\/home\/wp-json\/wp\/v2\/categories?post=9339"},{"taxonomy":"post_tag","embeddable":true,"href":"https:\/\/camposerranoradio.com\/home\/wp-json\/wp\/v2\/tags?post=9339"}],"curies":[{"name":"wp","href":"https:\/\/api.w.org\/{rel}","templated":true}]}}