{"id":9342,"date":"2026-04-29T17:37:33","date_gmt":"2026-04-29T17:37:33","guid":{"rendered":"https:\/\/camposerranoradio.com\/home\/?p=9342"},"modified":"2026-04-29T17:37:33","modified_gmt":"2026-04-29T17:37:33","slug":"uribe-visito-aguachica-en-respaldo-a-paloma-valencia","status":"publish","type":"post","link":"https:\/\/camposerranoradio.com\/home\/2026\/04\/29\/uribe-visito-aguachica-en-respaldo-a-paloma-valencia\/","title":{"rendered":"URIBE VISIT\u00d3 AGUACHICA EN RESPALDO A PALOMA VALENCIA"},"content":{"rendered":"\n<p class=\"wp-block-paragraph\">En el municipio de Aguachica, el expresidente \u00c1lvaro Uribe V\u00e9lez realiz\u00f3 este martes 28 de abril una visita pol\u00edtica como parte de su agenda nacional, con el objetivo de fortalecer apoyos de cara al pr\u00f3ximo proceso electoral.<br>Durante su paso por la localidad, acompa\u00f1\u00f3 una jornada de respaldo a la senadora y aspirante presidencial Paloma Valencia, en un encuentro que reuni\u00f3 a un n\u00famero significativo de simpatizantes. En la actividad tambi\u00e9n estuvieron presentes figuras pol\u00edticas como Claudia Margarita Zuleta y Gumer de la Pe\u00f1a.<br>En su intervenci\u00f3n, Uribe lanz\u00f3 cuestionamientos a la administraci\u00f3n del presidente Gustavo Petro, se\u00f1alando presuntos incumplimientos en promesas de campa\u00f1a y dificultades en sectores como la salud, la econom\u00eda y el empleo.<br>La visita gener\u00f3 distintas reacciones entre los asistentes y puso nuevamente en evidencia el ambiente de debate pol\u00edtico que se vive en el pa\u00eds en el marco de las pr\u00f3ximas elecciones.<\/p>\n","protected":false},"excerpt":{"rendered":"<p>En el municipio de Aguachica, el expresidente \u00c1lvaro Uribe V\u00e9lez realiz\u00f3 este martes 28 de abril una visita pol\u00edtica como parte de su agenda nacional, con el objetivo de fortalecer apoyos de cara al pr\u00f3ximo proceso electoral.Durante su paso por la localidad, acompa\u00f1\u00f3 una jornada de respaldo a la senadora y aspirante presidencial Paloma Valencia, [&hellip;]<\/p>\n","protected":false},"author":2,"featured_media":9343,"comment_status":"open","ping_status":"open","sticky":false,"template":"","format":"standard","meta":{"footnotes":""},"categories":[11,13,14],"tags":[],"class_list":["post-9342","post","type-post","status-publish","format-standard","has-post-thumbnail","hentry","category-local","category-news","category-politica"],"_links":{"self":[{"href":"https:\/\/camposerranoradio.com\/home\/wp-json\/wp\/v2\/posts\/9342","targetHints":{"allow":["GET"]}}],"collection":[{"href":"https:\/\/camposerranoradio.com\/home\/wp-json\/wp\/v2\/posts"}],"about":[{"href":"https:\/\/camposerranoradio.com\/home\/wp-json\/wp\/v2\/types\/post"}],"author":[{"embeddable":true,"href":"https:\/\/camposerranoradio.com\/home\/wp-json\/wp\/v2\/users\/2"}],"replies":[{"embeddable":true,"href":"https:\/\/camposerranoradio.com\/home\/wp-json\/wp\/v2\/comments?post=9342"}],"version-history":[{"count":1,"href":"https:\/\/camposerranoradio.com\/home\/wp-json\/wp\/v2\/posts\/9342\/revisions"}],"predecessor-version":[{"id":9344,"href":"https:\/\/camposerranoradio.com\/home\/wp-json\/wp\/v2\/posts\/9342\/revisions\/9344"}],"wp:featuredmedia":[{"embeddable":true,"href":"https:\/\/camposerranoradio.com\/home\/wp-json\/wp\/v2\/media\/9343"}],"wp:attachment":[{"href":"https:\/\/camposerranoradio.com\/home\/wp-json\/wp\/v2\/media?parent=9342"}],"wp:term":[{"taxonomy":"category","embeddable":true,"href":"https:\/\/camposerranoradio.com\/home\/wp-json\/wp\/v2\/categories?post=9342"},{"taxonomy":"post_tag","embeddable":true,"href":"https:\/\/camposerranoradio.com\/home\/wp-json\/wp\/v2\/tags?post=9342"}],"curies":[{"name":"wp","href":"https:\/\/api.w.org\/{rel}","templated":true}]}}