{"id":9345,"date":"2026-04-29T17:39:53","date_gmt":"2026-04-29T17:39:53","guid":{"rendered":"https:\/\/camposerranoradio.com\/home\/?p=9345"},"modified":"2026-04-29T17:39:53","modified_gmt":"2026-04-29T17:39:53","slug":"baja-el-precio-del-aguacate-en-aguachica-y-aumenta-su-comercializacion","status":"publish","type":"post","link":"https:\/\/camposerranoradio.com\/home\/2026\/04\/29\/baja-el-precio-del-aguacate-en-aguachica-y-aumenta-su-comercializacion\/","title":{"rendered":"BAJA EL PRECIO DEL AGUACATE EN AGUACHICA Y AUMENTA SU COMERCIALIZACI\u00d3N"},"content":{"rendered":"\n<p class=\"wp-block-paragraph\">En Aguachica ya se siente con fuerza la temporada del aguacate, una de las m\u00e1s esperadas por comerciantes y consumidores, especialmente por la notable reducci\u00f3n en sus precios.<br>Actualmente, este producto agr\u00edcola se puede encontrar desde los 2 mil pesos en adelante, lo que ha facilitado su acceso para muchas familias del municipio. Vendedores locales aseguran que la alta oferta ha permitido ofrecer promociones y variedad de tama\u00f1os, generando mayor movimiento en los puntos de venta.<br>Adem\u00e1s de su valor econ\u00f3mico, el aguacate sigue siendo uno de los alimentos preferidos por sus beneficios nutricionales, ya que es rico en grasas saludables, vitaminas y minerales que contribuyen al bienestar general.<br>La comercializaci\u00f3n se ha intensificado en diferentes sectores del municipio, donde los ciudadanos aprovechan la temporada para adquirir un producto fresco, de calidad y a buen precio, fortaleciendo as\u00ed la econom\u00eda local y la conexi\u00f3n entre el campo y la ciudad.<\/p>\n","protected":false},"excerpt":{"rendered":"<p>En Aguachica ya se siente con fuerza la temporada del aguacate, una de las m\u00e1s esperadas por comerciantes y consumidores, especialmente por la notable reducci\u00f3n en sus precios.Actualmente, este producto agr\u00edcola se puede encontrar desde los 2 mil pesos en adelante, lo que ha facilitado su acceso para muchas familias del municipio. Vendedores locales aseguran [&hellip;]<\/p>\n","protected":false},"author":2,"featured_media":9346,"comment_status":"open","ping_status":"open","sticky":false,"template":"","format":"standard","meta":{"footnotes":""},"categories":[33,10,11,13],"tags":[],"class_list":["post-9345","post","type-post","status-publish","format-standard","has-post-thumbnail","hentry","category-economia","category-general","category-local","category-news"],"_links":{"self":[{"href":"https:\/\/camposerranoradio.com\/home\/wp-json\/wp\/v2\/posts\/9345","targetHints":{"allow":["GET"]}}],"collection":[{"href":"https:\/\/camposerranoradio.com\/home\/wp-json\/wp\/v2\/posts"}],"about":[{"href":"https:\/\/camposerranoradio.com\/home\/wp-json\/wp\/v2\/types\/post"}],"author":[{"embeddable":true,"href":"https:\/\/camposerranoradio.com\/home\/wp-json\/wp\/v2\/users\/2"}],"replies":[{"embeddable":true,"href":"https:\/\/camposerranoradio.com\/home\/wp-json\/wp\/v2\/comments?post=9345"}],"version-history":[{"count":1,"href":"https:\/\/camposerranoradio.com\/home\/wp-json\/wp\/v2\/posts\/9345\/revisions"}],"predecessor-version":[{"id":9347,"href":"https:\/\/camposerranoradio.com\/home\/wp-json\/wp\/v2\/posts\/9345\/revisions\/9347"}],"wp:featuredmedia":[{"embeddable":true,"href":"https:\/\/camposerranoradio.com\/home\/wp-json\/wp\/v2\/media\/9346"}],"wp:attachment":[{"href":"https:\/\/camposerranoradio.com\/home\/wp-json\/wp\/v2\/media?parent=9345"}],"wp:term":[{"taxonomy":"category","embeddable":true,"href":"https:\/\/camposerranoradio.com\/home\/wp-json\/wp\/v2\/categories?post=9345"},{"taxonomy":"post_tag","embeddable":true,"href":"https:\/\/camposerranoradio.com\/home\/wp-json\/wp\/v2\/tags?post=9345"}],"curies":[{"name":"wp","href":"https:\/\/api.w.org\/{rel}","templated":true}]}}