{"id":9361,"date":"2026-05-21T16:01:42","date_gmt":"2026-05-21T16:01:42","guid":{"rendered":"https:\/\/camposerranoradio.com\/home\/?p=9361"},"modified":"2026-05-21T16:01:42","modified_gmt":"2026-05-21T16:01:42","slug":"levantan-el-paro-en-el-municipio-de-curumani-tras-acuerdo-por-el-servicio-de-energia","status":"publish","type":"post","link":"https:\/\/camposerranoradio.com\/home\/2026\/05\/21\/levantan-el-paro-en-el-municipio-de-curumani-tras-acuerdo-por-el-servicio-de-energia\/","title":{"rendered":"LEVANTAN EL PARO EN EL MUNICIPIO DE CURUMAN\u00cd TRAS ACUERDO POR EL SERVICIO DE ENERG\u00cdA"},"content":{"rendered":"\n<p class=\"wp-block-paragraph\">Luego de toda una ma\u00f1ana de di\u00e1logo entre la comunidad, la Gobernaci\u00f3n del Cesar, la Alcald\u00eda de Curuman\u00ed y la empresa Afinia, se logr\u00f3 la firma de un acuerdo que busca una soluci\u00f3n integral a las fallas en la prestaci\u00f3n del servicio de energ\u00eda el\u00e9ctrica en el municipio de Curuman\u00ed.<\/p>\n\n\n\n<p class=\"wp-block-paragraph\">El encuentro fue gestionado por la gobernadora Elvia Milena Sanju\u00e1n, tras las protestas y bloqueos registrados en la v\u00eda nacional debido al inconformismo ciudadano por los constantes apagones, fluctuaciones y deficiencias en el servicio.<\/p>\n\n\n\n<p class=\"wp-block-paragraph\">Tras alcanzar los compromisos entre las partes, la comunidad decidi\u00f3 levantar el paro y habilitar nuevamente el paso vehicular, poniendo fin a las jornadas de bloqueo que afectaban la movilidad en este corredor vial del Cesar.<\/p>\n\n\n\n<p class=\"wp-block-paragraph\">Las autoridades se\u00f1alaron que continuar\u00e1n las mesas de trabajo y el acompa\u00f1amiento t\u00e9cnico por parte de Afinia, con el prop\u00f3sito de avanzar en soluciones concretas que permitan mejorar la calidad y estabilidad del servicio el\u00e9ctrico para los habitantes del municipio de Curuman\u00ed.<\/p>\n\n\n\n<p class=\"wp-block-paragraph\">Ver menos<\/p>\n","protected":false},"excerpt":{"rendered":"<p>Luego de toda una ma\u00f1ana de di\u00e1logo entre la comunidad, la Gobernaci\u00f3n del Cesar, la Alcald\u00eda de Curuman\u00ed y la empresa Afinia, se logr\u00f3 la firma de un acuerdo que busca una soluci\u00f3n integral a las fallas en la prestaci\u00f3n del servicio de energ\u00eda el\u00e9ctrica en el municipio de Curuman\u00ed. El encuentro fue gestionado por [&hellip;]<\/p>\n","protected":false},"author":2,"featured_media":9362,"comment_status":"open","ping_status":"open","sticky":false,"template":"","format":"standard","meta":{"footnotes":""},"categories":[17,13,5],"tags":[],"class_list":["post-9361","post","type-post","status-publish","format-standard","has-post-thumbnail","hentry","category-nacional","category-news","category-regional"],"_links":{"self":[{"href":"https:\/\/camposerranoradio.com\/home\/wp-json\/wp\/v2\/posts\/9361","targetHints":{"allow":["GET"]}}],"collection":[{"href":"https:\/\/camposerranoradio.com\/home\/wp-json\/wp\/v2\/posts"}],"about":[{"href":"https:\/\/camposerranoradio.com\/home\/wp-json\/wp\/v2\/types\/post"}],"author":[{"embeddable":true,"href":"https:\/\/camposerranoradio.com\/home\/wp-json\/wp\/v2\/users\/2"}],"replies":[{"embeddable":true,"href":"https:\/\/camposerranoradio.com\/home\/wp-json\/wp\/v2\/comments?post=9361"}],"version-history":[{"count":1,"href":"https:\/\/camposerranoradio.com\/home\/wp-json\/wp\/v2\/posts\/9361\/revisions"}],"predecessor-version":[{"id":9363,"href":"https:\/\/camposerranoradio.com\/home\/wp-json\/wp\/v2\/posts\/9361\/revisions\/9363"}],"wp:featuredmedia":[{"embeddable":true,"href":"https:\/\/camposerranoradio.com\/home\/wp-json\/wp\/v2\/media\/9362"}],"wp:attachment":[{"href":"https:\/\/camposerranoradio.com\/home\/wp-json\/wp\/v2\/media?parent=9361"}],"wp:term":[{"taxonomy":"category","embeddable":true,"href":"https:\/\/camposerranoradio.com\/home\/wp-json\/wp\/v2\/categories?post=9361"},{"taxonomy":"post_tag","embeddable":true,"href":"https:\/\/camposerranoradio.com\/home\/wp-json\/wp\/v2\/tags?post=9361"}],"curies":[{"name":"wp","href":"https:\/\/api.w.org\/{rel}","templated":true}]}}