{"id":9364,"date":"2026-05-22T13:57:40","date_gmt":"2026-05-22T13:57:40","guid":{"rendered":"https:\/\/camposerranoradio.com\/home\/?p=9364"},"modified":"2026-05-22T13:57:40","modified_gmt":"2026-05-22T13:57:40","slug":"equipos-de-vacunacion-del-sur-del-cesar-reciben-capacitacion-tecnica-en-aguachica","status":"publish","type":"post","link":"https:\/\/camposerranoradio.com\/home\/2026\/05\/22\/equipos-de-vacunacion-del-sur-del-cesar-reciben-capacitacion-tecnica-en-aguachica\/","title":{"rendered":"EQUIPOS DE VACUNACI\u00d3N DEL SUR DEL CESAR RECIBEN CAPACITACI\u00d3N T\u00c9CNICA EN AGUACHICA"},"content":{"rendered":"\n<p class=\"wp-block-paragraph\">En el municipio de Aguachica se llev\u00f3 a cabo una jornada de fortalecimiento t\u00e9cnico y operativo dirigida a los equipos de vacunaci\u00f3n del sur del Cesar, con el objetivo de reforzar las estrategias de inmunizaci\u00f3n y prevenci\u00f3n de enfermedades en la regi\u00f3n.<\/p>\n\n\n\n<p class=\"wp-block-paragraph\">La actividad fue liderada por el Ministerio de Salud y Protecci\u00f3n Social, a trav\u00e9s del Programa Ampliado de Inmunizaciones (PAI), en articulaci\u00f3n con entidades de salud del orden departamental y municipal, adem\u00e1s del Hospital Local de Aguachica.<\/p>\n\n\n\n<p class=\"wp-block-paragraph\">Durante el encuentro participaron profesionales y equipos vacunadores de diferentes municipios del sur del departamento, quienes recibieron actualizaci\u00f3n de conocimientos, orientaci\u00f3n sobre lineamientos operativos y herramientas para mejorar los procesos de vacunaci\u00f3n en sus territorios.<\/p>\n\n\n\n<p class=\"wp-block-paragraph\">Las autoridades de salud destacaron que este tipo de espacios permiten fortalecer el trabajo articulado entre las instituciones y avanzar en las acciones encaminadas a proteger la salud p\u00fablica, aumentar las coberturas de vacunaci\u00f3n y prevenir enfermedades en la poblaci\u00f3n.<\/p>\n","protected":false},"excerpt":{"rendered":"<p>En el municipio de Aguachica se llev\u00f3 a cabo una jornada de fortalecimiento t\u00e9cnico y operativo dirigida a los equipos de vacunaci\u00f3n del sur del Cesar, con el objetivo de reforzar las estrategias de inmunizaci\u00f3n y prevenci\u00f3n de enfermedades en la regi\u00f3n. La actividad fue liderada por el Ministerio de Salud y Protecci\u00f3n Social, a [&hellip;]<\/p>\n","protected":false},"author":2,"featured_media":9365,"comment_status":"open","ping_status":"open","sticky":false,"template":"","format":"standard","meta":{"footnotes":""},"categories":[17,13,5],"tags":[],"class_list":["post-9364","post","type-post","status-publish","format-standard","has-post-thumbnail","hentry","category-nacional","category-news","category-regional"],"_links":{"self":[{"href":"https:\/\/camposerranoradio.com\/home\/wp-json\/wp\/v2\/posts\/9364","targetHints":{"allow":["GET"]}}],"collection":[{"href":"https:\/\/camposerranoradio.com\/home\/wp-json\/wp\/v2\/posts"}],"about":[{"href":"https:\/\/camposerranoradio.com\/home\/wp-json\/wp\/v2\/types\/post"}],"author":[{"embeddable":true,"href":"https:\/\/camposerranoradio.com\/home\/wp-json\/wp\/v2\/users\/2"}],"replies":[{"embeddable":true,"href":"https:\/\/camposerranoradio.com\/home\/wp-json\/wp\/v2\/comments?post=9364"}],"version-history":[{"count":1,"href":"https:\/\/camposerranoradio.com\/home\/wp-json\/wp\/v2\/posts\/9364\/revisions"}],"predecessor-version":[{"id":9366,"href":"https:\/\/camposerranoradio.com\/home\/wp-json\/wp\/v2\/posts\/9364\/revisions\/9366"}],"wp:featuredmedia":[{"embeddable":true,"href":"https:\/\/camposerranoradio.com\/home\/wp-json\/wp\/v2\/media\/9365"}],"wp:attachment":[{"href":"https:\/\/camposerranoradio.com\/home\/wp-json\/wp\/v2\/media?parent=9364"}],"wp:term":[{"taxonomy":"category","embeddable":true,"href":"https:\/\/camposerranoradio.com\/home\/wp-json\/wp\/v2\/categories?post=9364"},{"taxonomy":"post_tag","embeddable":true,"href":"https:\/\/camposerranoradio.com\/home\/wp-json\/wp\/v2\/tags?post=9364"}],"curies":[{"name":"wp","href":"https:\/\/api.w.org\/{rel}","templated":true}]}}