{"id":9370,"date":"2026-05-27T21:05:06","date_gmt":"2026-05-27T21:05:06","guid":{"rendered":"https:\/\/camposerranoradio.com\/home\/?p=9370"},"modified":"2026-05-27T21:05:06","modified_gmt":"2026-05-27T21:05:06","slug":"casa-de-la-cultura-de-aguachica-sera-una-realidad-y-llevara-el-nombre-de-victor-junior-roqueme-quinones","status":"publish","type":"post","link":"https:\/\/camposerranoradio.com\/home\/2026\/05\/27\/casa-de-la-cultura-de-aguachica-sera-una-realidad-y-llevara-el-nombre-de-victor-junior-roqueme-quinones\/","title":{"rendered":"CASA DE LA CULTURA DE AGUACHICA SER\u00c1 UNA REALIDAD Y LLEVAR\u00c1 EL NOMBRE DE V\u00cdCTOR JUNIOR ROQUEME QUI\u00d1ONES"},"content":{"rendered":"\n<p class=\"wp-block-paragraph\">En Aguachica avanza la consolidaci\u00f3n de un importante proyecto cultural, la construcci\u00f3n de la Casa de la Cultura, un espacio destinado al fortalecimiento, promoci\u00f3n y preservaci\u00f3n de las expresiones art\u00edsticas y culturales del municipio.<br>La iniciativa se desarrolla en articulaci\u00f3n con la Gobernaci\u00f3n del Cesar, con el objetivo de consolidar a Aguachica como un referente cultural en la regi\u00f3n y brindar a la comunidad un escenario adecuado para la formaci\u00f3n y el desarrollo art\u00edstico.<br>Este proyecto contempla la construcci\u00f3n de un espacio de aproximadamente 6.000 metros cuadrados, dise\u00f1ado para impulsar actividades culturales, educativas y comunitarias, convirti\u00e9ndose en un punto de encuentro para artistas, estudiantes y ciudadan\u00eda en general.<br>Finalmente, se confirm\u00f3 que la Casa de la Cultura llevar\u00e1 el nombre de V\u00edctor Junior Roqueme Qui\u00f1ones (Q.E.P.D.), en reconocimiento a su aporte y legado en la promoci\u00f3n de la cultura en Aguachica.<\/p>\n","protected":false},"excerpt":{"rendered":"<p>En Aguachica avanza la consolidaci\u00f3n de un importante proyecto cultural, la construcci\u00f3n de la Casa de la Cultura, un espacio destinado al fortalecimiento, promoci\u00f3n y preservaci\u00f3n de las expresiones art\u00edsticas y culturales del municipio.La iniciativa se desarrolla en articulaci\u00f3n con la Gobernaci\u00f3n del Cesar, con el objetivo de consolidar a Aguachica como un referente cultural [&hellip;]<\/p>\n","protected":false},"author":2,"featured_media":9371,"comment_status":"open","ping_status":"open","sticky":false,"template":"","format":"standard","meta":{"footnotes":""},"categories":[11,13,5],"tags":[],"class_list":["post-9370","post","type-post","status-publish","format-standard","has-post-thumbnail","hentry","category-local","category-news","category-regional"],"_links":{"self":[{"href":"https:\/\/camposerranoradio.com\/home\/wp-json\/wp\/v2\/posts\/9370","targetHints":{"allow":["GET"]}}],"collection":[{"href":"https:\/\/camposerranoradio.com\/home\/wp-json\/wp\/v2\/posts"}],"about":[{"href":"https:\/\/camposerranoradio.com\/home\/wp-json\/wp\/v2\/types\/post"}],"author":[{"embeddable":true,"href":"https:\/\/camposerranoradio.com\/home\/wp-json\/wp\/v2\/users\/2"}],"replies":[{"embeddable":true,"href":"https:\/\/camposerranoradio.com\/home\/wp-json\/wp\/v2\/comments?post=9370"}],"version-history":[{"count":1,"href":"https:\/\/camposerranoradio.com\/home\/wp-json\/wp\/v2\/posts\/9370\/revisions"}],"predecessor-version":[{"id":9372,"href":"https:\/\/camposerranoradio.com\/home\/wp-json\/wp\/v2\/posts\/9370\/revisions\/9372"}],"wp:featuredmedia":[{"embeddable":true,"href":"https:\/\/camposerranoradio.com\/home\/wp-json\/wp\/v2\/media\/9371"}],"wp:attachment":[{"href":"https:\/\/camposerranoradio.com\/home\/wp-json\/wp\/v2\/media?parent=9370"}],"wp:term":[{"taxonomy":"category","embeddable":true,"href":"https:\/\/camposerranoradio.com\/home\/wp-json\/wp\/v2\/categories?post=9370"},{"taxonomy":"post_tag","embeddable":true,"href":"https:\/\/camposerranoradio.com\/home\/wp-json\/wp\/v2\/tags?post=9370"}],"curies":[{"name":"wp","href":"https:\/\/api.w.org\/{rel}","templated":true}]}}