{"id":9377,"date":"2026-05-29T15:03:25","date_gmt":"2026-05-29T15:03:25","guid":{"rendered":"https:\/\/camposerranoradio.com\/home\/?p=9377"},"modified":"2026-05-29T15:03:25","modified_gmt":"2026-05-29T15:03:25","slug":"desde-que-hora-inicia-la-ley-seca-en-colombia-por-las-elecciones-presidenciales-2026-conozca-las-multas","status":"publish","type":"post","link":"https:\/\/camposerranoradio.com\/home\/2026\/05\/29\/desde-que-hora-inicia-la-ley-seca-en-colombia-por-las-elecciones-presidenciales-2026-conozca-las-multas\/","title":{"rendered":"\u00bfDesde qu\u00e9 hora inicia la ley seca en Colombia por las elecciones presidenciales 2026? Conozca las multas"},"content":{"rendered":"\n<p class=\"wp-block-paragraph\"><\/p>\n\n\n\n<p class=\"wp-block-paragraph\">La restricci\u00f3n proh\u00edbe tanto la comercializaci\u00f3n como el consumo en espacios p\u00fablicos y establecimientos.<\/p>\n\n\n\n<p class=\"wp-block-paragraph\">El Gobierno Nacional de Colombia ha definido el marco normativo que regir\u00e1 durante la jornada de votaci\u00f3n del pr\u00f3ximo domingo 31 de mayo de 2026, fecha en la que se elegir\u00e1 al Presidente y Vicepresidente para el periodo 2026-2030.<\/p>\n\n\n\n<p class=\"wp-block-paragraph\">A trav\u00e9s del Decreto 0188 del 27 de febrero de 2026, el Ministerio del Interior estableci\u00f3 una serie de prohibiciones y lineamientos de orden p\u00fablico destinados a garantizar la normalidad del proceso.<\/p>\n\n\n\n<p class=\"wp-block-paragraph\">Horarios de la Ley Seca<\/p>\n\n\n\n<p class=\"wp-block-paragraph\">La medida m\u00e1s relevante para la ciudadan\u00eda es la prohibici\u00f3n de venta y consumo de bebidas alcoh\u00f3licas.<\/p>\n\n\n\n<p class=\"wp-block-paragraph\">Seg\u00fan el decreto, la Ley Seca se aplicar\u00e1 en los siguientes horarios:<\/p>\n\n\n\n<p class=\"wp-block-paragraph\">Inicio: S\u00e1bado 30 de mayo a las 6:00 p. m..<\/p>\n\n\n\n<p class=\"wp-block-paragraph\">Finalizaci\u00f3n: Lunes 1 de junio a las 12:00 m..<\/p>\n\n\n\n<p class=\"wp-block-paragraph\">Esta restricci\u00f3n proh\u00edbe tanto la comercializaci\u00f3n como el consumo en espacios p\u00fablicos y establecimientos comerciales de todo el territorio nacional. Es importante destacar que los alcaldes y gobernadores cuentan con la facultad legal de extender estos horarios si consideran que la situaci\u00f3n de orden p\u00fablico en sus regiones lo requiere.<\/p>\n\n\n\n<p class=\"wp-block-paragraph\">Multas y sanciones<\/p>\n\n\n\n<p class=\"wp-block-paragraph\">Quienes incumplan con la restricci\u00f3n de alcohol se exponen a sanciones econ\u00f3micas basadas en el C\u00f3digo Nacional de Polic\u00eda y Convivencia. Las multas oscilan entre los 4 y los 32 salarios m\u00ednimos diarios legales vigentes (SMDLV). En t\u00e9rminos monetarios, esto equivale a pagos que van desde los $233.454 hasta los $1.867.632, dependiendo de la gravedad del reporte de las autoridades.<\/p>\n\n\n\n<p class=\"wp-block-paragraph\">Propaganda y ayudas para el voto<\/p>\n\n\n\n<p class=\"wp-block-paragraph\">Durante los d\u00edas electorales, la ley proh\u00edbe estrictamente la exhibici\u00f3n de propaganda pol\u00edtica, incluyendo vallas, afiches y pasacalles. La Polic\u00eda Nacional tiene la instrucci\u00f3n de decomisar este material.<\/p>\n\n\n\n<p class=\"wp-block-paragraph\">No obstante, el decreto permite una excepci\u00f3n para los ciudadanos: se puede portar un elemento de ayuda (como un recordatorio del candidato o partido) que no supere los 10 cent\u00edmetros por 5.5 cent\u00edmetros.<\/p>\n\n\n\n<p class=\"wp-block-paragraph\">Otras disposiciones<\/p>\n\n\n\n<p class=\"wp-block-paragraph\">El Decreto 0188 tambi\u00e9n contempla el cierre de fronteras terrestres y proh\u00edbe la difusi\u00f3n de encuestas de car\u00e1cter pol\u00edtico durante la jornada. Estas medidas buscan asegurar que los comicios se desarrollen sin influencias externas ni alteraciones a la tranquilidad ciudadana.<\/p>\n","protected":false},"excerpt":{"rendered":"<p>La restricci\u00f3n proh\u00edbe tanto la comercializaci\u00f3n como el consumo en espacios p\u00fablicos y establecimientos. El Gobierno Nacional de Colombia ha definido el marco normativo que regir\u00e1 durante la jornada de votaci\u00f3n del pr\u00f3ximo domingo 31 de mayo de 2026, fecha en la que se elegir\u00e1 al Presidente y Vicepresidente para el periodo 2026-2030. A trav\u00e9s [&hellip;]<\/p>\n","protected":false},"author":2,"featured_media":9378,"comment_status":"open","ping_status":"open","sticky":false,"template":"","format":"standard","meta":{"footnotes":""},"categories":[10,13,14],"tags":[],"class_list":["post-9377","post","type-post","status-publish","format-standard","has-post-thumbnail","hentry","category-general","category-news","category-politica"],"_links":{"self":[{"href":"https:\/\/camposerranoradio.com\/home\/wp-json\/wp\/v2\/posts\/9377","targetHints":{"allow":["GET"]}}],"collection":[{"href":"https:\/\/camposerranoradio.com\/home\/wp-json\/wp\/v2\/posts"}],"about":[{"href":"https:\/\/camposerranoradio.com\/home\/wp-json\/wp\/v2\/types\/post"}],"author":[{"embeddable":true,"href":"https:\/\/camposerranoradio.com\/home\/wp-json\/wp\/v2\/users\/2"}],"replies":[{"embeddable":true,"href":"https:\/\/camposerranoradio.com\/home\/wp-json\/wp\/v2\/comments?post=9377"}],"version-history":[{"count":1,"href":"https:\/\/camposerranoradio.com\/home\/wp-json\/wp\/v2\/posts\/9377\/revisions"}],"predecessor-version":[{"id":9379,"href":"https:\/\/camposerranoradio.com\/home\/wp-json\/wp\/v2\/posts\/9377\/revisions\/9379"}],"wp:featuredmedia":[{"embeddable":true,"href":"https:\/\/camposerranoradio.com\/home\/wp-json\/wp\/v2\/media\/9378"}],"wp:attachment":[{"href":"https:\/\/camposerranoradio.com\/home\/wp-json\/wp\/v2\/media?parent=9377"}],"wp:term":[{"taxonomy":"category","embeddable":true,"href":"https:\/\/camposerranoradio.com\/home\/wp-json\/wp\/v2\/categories?post=9377"},{"taxonomy":"post_tag","embeddable":true,"href":"https:\/\/camposerranoradio.com\/home\/wp-json\/wp\/v2\/tags?post=9377"}],"curies":[{"name":"wp","href":"https:\/\/api.w.org\/{rel}","templated":true}]}}