{"id":9383,"date":"2026-05-29T15:09:05","date_gmt":"2026-05-29T15:09:05","guid":{"rendered":"https:\/\/camposerranoradio.com\/home\/?p=9383"},"modified":"2026-05-29T15:09:05","modified_gmt":"2026-05-29T15:09:05","slug":"aguachica-refuerza-medidas-de-seguridad-para-elecciones-presidenciales","status":"publish","type":"post","link":"https:\/\/camposerranoradio.com\/home\/2026\/05\/29\/aguachica-refuerza-medidas-de-seguridad-para-elecciones-presidenciales\/","title":{"rendered":"AGUACHICA REFUERZA MEDIDAS DE SEGURIDAD PARA ELECCIONES PRESIDENCIALES"},"content":{"rendered":"\n<p class=\"wp-block-paragraph\"><\/p>\n\n\n\n<p class=\"wp-block-paragraph\">Autoridades civiles, militares y electorales de Aguachica realizaron una reuni\u00f3n para coordinar las medidas de seguridad que se aplicar\u00e1n durante las elecciones presidenciales de este domingo. El prop\u00f3sito es garantizar una jornada tranquila y segura para todos los ciudadanos.<\/p>\n\n\n\n<p class=\"wp-block-paragraph\">En el encuentro participaron representantes de la Registradur\u00eda, Polic\u00eda, Ej\u00e9rcito, Fiscal\u00eda, Personer\u00eda y Secretar\u00eda de Gobierno. Durante la reuni\u00f3n se acord\u00f3 reforzar la vigilancia en los diferentes puestos de votaci\u00f3n del municipio.<\/p>\n\n\n\n<p class=\"wp-block-paragraph\">Adem\u00e1s, las autoridades informaron que habr\u00e1 monitoreo permanente antes, durante y despu\u00e9s de la jornada electoral. Tambi\u00e9n se activar\u00e1n protocolos de reacci\u00f3n inmediata ante cualquier situaci\u00f3n que pueda alterar el orden p\u00fablico.<\/p>\n\n\n\n<p class=\"wp-block-paragraph\">Finalmente, hicieron un llamado a la comunidad para participar de manera responsable y respetuosa, evitando compartir informaci\u00f3n falsa y contribuyendo al buen desarrollo de las elecciones.<\/p>\n","protected":false},"excerpt":{"rendered":"<p>Autoridades civiles, militares y electorales de Aguachica realizaron una reuni\u00f3n para coordinar las medidas de seguridad que se aplicar\u00e1n durante las elecciones presidenciales de este domingo. El prop\u00f3sito es garantizar una jornada tranquila y segura para todos los ciudadanos. En el encuentro participaron representantes de la Registradur\u00eda, Polic\u00eda, Ej\u00e9rcito, Fiscal\u00eda, Personer\u00eda y Secretar\u00eda de Gobierno. [&hellip;]<\/p>\n","protected":false},"author":2,"featured_media":9385,"comment_status":"open","ping_status":"open","sticky":false,"template":"","format":"standard","meta":{"footnotes":""},"categories":[11,13],"tags":[],"class_list":["post-9383","post","type-post","status-publish","format-standard","has-post-thumbnail","hentry","category-local","category-news"],"_links":{"self":[{"href":"https:\/\/camposerranoradio.com\/home\/wp-json\/wp\/v2\/posts\/9383","targetHints":{"allow":["GET"]}}],"collection":[{"href":"https:\/\/camposerranoradio.com\/home\/wp-json\/wp\/v2\/posts"}],"about":[{"href":"https:\/\/camposerranoradio.com\/home\/wp-json\/wp\/v2\/types\/post"}],"author":[{"embeddable":true,"href":"https:\/\/camposerranoradio.com\/home\/wp-json\/wp\/v2\/users\/2"}],"replies":[{"embeddable":true,"href":"https:\/\/camposerranoradio.com\/home\/wp-json\/wp\/v2\/comments?post=9383"}],"version-history":[{"count":1,"href":"https:\/\/camposerranoradio.com\/home\/wp-json\/wp\/v2\/posts\/9383\/revisions"}],"predecessor-version":[{"id":9386,"href":"https:\/\/camposerranoradio.com\/home\/wp-json\/wp\/v2\/posts\/9383\/revisions\/9386"}],"wp:featuredmedia":[{"embeddable":true,"href":"https:\/\/camposerranoradio.com\/home\/wp-json\/wp\/v2\/media\/9385"}],"wp:attachment":[{"href":"https:\/\/camposerranoradio.com\/home\/wp-json\/wp\/v2\/media?parent=9383"}],"wp:term":[{"taxonomy":"category","embeddable":true,"href":"https:\/\/camposerranoradio.com\/home\/wp-json\/wp\/v2\/categories?post=9383"},{"taxonomy":"post_tag","embeddable":true,"href":"https:\/\/camposerranoradio.com\/home\/wp-json\/wp\/v2\/tags?post=9383"}],"curies":[{"name":"wp","href":"https:\/\/api.w.org\/{rel}","templated":true}]}}