{"id":9387,"date":"2026-05-29T15:16:52","date_gmt":"2026-05-29T15:16:52","guid":{"rendered":"https:\/\/camposerranoradio.com\/home\/?p=9387"},"modified":"2026-05-29T15:16:52","modified_gmt":"2026-05-29T15:16:52","slug":"familias-del-c-d-i-mundo-infantil-vivieron-jornada-de-integracion","status":"publish","type":"post","link":"https:\/\/camposerranoradio.com\/home\/2026\/05\/29\/familias-del-c-d-i-mundo-infantil-vivieron-jornada-de-integracion\/","title":{"rendered":"FAMILIAS DEL C.D.I MUNDO INFANTIL VIVIERON JORNADA DE INTEGRACI\u00d3N"},"content":{"rendered":"\n<p class=\"wp-block-paragraph\">El Centro de Desarrollo Infantil (C.D.I) Mundo Infantil de la Asociaci\u00f3n San Eduardo realiz\u00f3 la celebraci\u00f3n del D\u00eda de la Familia, una actividad que reuni\u00f3 a ni\u00f1os, padres de familia y equipo educativo en una jornada de encuentro y participaci\u00f3n.<br>La actividad se desarroll\u00f3 en el coliseo y el parque de la Ciudadela de La Paz, espacios que sirvieron como escenario para el desarrollo de diferentes din\u00e1micas recreativas y de integraci\u00f3n familiar.<br>Durante la jornada se llevaron a cabo juegos, actividades l\u00fadicas y presentaciones especiales, orientadas a fortalecer los lazos de uni\u00f3n, el respeto y la convivencia entre las familias y la comunidad educativa.<br>La iniciativa fue liderada por la direcci\u00f3n del C.D.I Mundo Infantil junto al equipo de agentes educativos y personal de apoyo, quienes destacaron la importancia de promover espacios que fortalezcan el desarrollo integral de la primera infancia a trav\u00e9s del acompa\u00f1amiento familiar.<\/p>\n","protected":false},"excerpt":{"rendered":"<p>El Centro de Desarrollo Infantil (C.D.I) Mundo Infantil de la Asociaci\u00f3n San Eduardo realiz\u00f3 la celebraci\u00f3n del D\u00eda de la Familia, una actividad que reuni\u00f3 a ni\u00f1os, padres de familia y equipo educativo en una jornada de encuentro y participaci\u00f3n.La actividad se desarroll\u00f3 en el coliseo y el parque de la Ciudadela de La Paz, [&hellip;]<\/p>\n","protected":false},"author":2,"featured_media":9388,"comment_status":"open","ping_status":"open","sticky":false,"template":"","format":"standard","meta":{"footnotes":""},"categories":[34,11,13],"tags":[],"class_list":["post-9387","post","type-post","status-publish","format-standard","has-post-thumbnail","hentry","category-educacion","category-local","category-news"],"_links":{"self":[{"href":"https:\/\/camposerranoradio.com\/home\/wp-json\/wp\/v2\/posts\/9387","targetHints":{"allow":["GET"]}}],"collection":[{"href":"https:\/\/camposerranoradio.com\/home\/wp-json\/wp\/v2\/posts"}],"about":[{"href":"https:\/\/camposerranoradio.com\/home\/wp-json\/wp\/v2\/types\/post"}],"author":[{"embeddable":true,"href":"https:\/\/camposerranoradio.com\/home\/wp-json\/wp\/v2\/users\/2"}],"replies":[{"embeddable":true,"href":"https:\/\/camposerranoradio.com\/home\/wp-json\/wp\/v2\/comments?post=9387"}],"version-history":[{"count":1,"href":"https:\/\/camposerranoradio.com\/home\/wp-json\/wp\/v2\/posts\/9387\/revisions"}],"predecessor-version":[{"id":9389,"href":"https:\/\/camposerranoradio.com\/home\/wp-json\/wp\/v2\/posts\/9387\/revisions\/9389"}],"wp:featuredmedia":[{"embeddable":true,"href":"https:\/\/camposerranoradio.com\/home\/wp-json\/wp\/v2\/media\/9388"}],"wp:attachment":[{"href":"https:\/\/camposerranoradio.com\/home\/wp-json\/wp\/v2\/media?parent=9387"}],"wp:term":[{"taxonomy":"category","embeddable":true,"href":"https:\/\/camposerranoradio.com\/home\/wp-json\/wp\/v2\/categories?post=9387"},{"taxonomy":"post_tag","embeddable":true,"href":"https:\/\/camposerranoradio.com\/home\/wp-json\/wp\/v2\/tags?post=9387"}],"curies":[{"name":"wp","href":"https:\/\/api.w.org\/{rel}","templated":true}]}}