{"id":9395,"date":"2026-06-16T14:35:58","date_gmt":"2026-06-16T14:35:58","guid":{"rendered":"https:\/\/camposerranoradio.com\/home\/?p=9395"},"modified":"2026-06-16T14:35:58","modified_gmt":"2026-06-16T14:35:58","slug":"colombianos-en-el-exterior-ya-participan-en-la-segunda-vuelta-presidencial","status":"publish","type":"post","link":"https:\/\/camposerranoradio.com\/home\/2026\/06\/16\/colombianos-en-el-exterior-ya-participan-en-la-segunda-vuelta-presidencial\/","title":{"rendered":"COLOMBIANOS EN EL EXTERIOR YA PARTICIPAN EN LA SEGUNDA VUELTA PRESIDENCIAL"},"content":{"rendered":"\n<p class=\"wp-block-paragraph\">Desde el lunes 15 de junio, los colombianos residentes en el exterior comenzaron a ejercer su derecho al voto para la segunda vuelta de las elecciones presidenciales, cuya jornada principal se llevar\u00e1 a cabo el pr\u00f3ximo domingo 21 de junio en territorio nacional.<\/p>\n\n\n\n<p class=\"wp-block-paragraph\">De acuerdo con la Registradur\u00eda Nacional del Estado Civil, m\u00e1s de 1,4 millones de ciudadanos est\u00e1n habilitados para sufragar en los diferentes consulados y embajadas de Colombia alrededor del mundo, donde se han dispuesto los mecanismos necesarios para garantizar el desarrollo del proceso electoral.<\/p>\n\n\n\n<p class=\"wp-block-paragraph\">La jornada de votaci\u00f3n en el exterior se extender\u00e1 hasta el s\u00e1bado 20 de junio, permitiendo que los connacionales que residen fuera del pa\u00eds puedan participar en la elecci\u00f3n del pr\u00f3ximo presidente de la Rep\u00fablica.<\/p>\n\n\n\n<p class=\"wp-block-paragraph\">Las autoridades electorales han reiterado el llamado a los ciudadanos para que consulten previamente su lugar de votaci\u00f3n y acudan con el documento de identificaci\u00f3n v\u00e1lido, con el fin de agilizar el proceso y evitar contratiempos durante la jornada.<\/p>\n\n\n\n<p class=\"wp-block-paragraph\">Los resultados obtenidos en el exterior ser\u00e1n incorporados al consolidado nacional una vez concluya la votaci\u00f3n del domingo 21 de junio, fecha en la que millones de colombianos acudir\u00e1n a las urnas para definir qui\u00e9n ocupar\u00e1 la Presidencia de la Rep\u00fablica durante el pr\u00f3ximo periodo de gobierno.<\/p>\n","protected":false},"excerpt":{"rendered":"<p>Desde el lunes 15 de junio, los colombianos residentes en el exterior comenzaron a ejercer su derecho al voto para la segunda vuelta de las elecciones presidenciales, cuya jornada principal se llevar\u00e1 a cabo el pr\u00f3ximo domingo 21 de junio en territorio nacional. De acuerdo con la Registradur\u00eda Nacional del Estado Civil, m\u00e1s de 1,4 [&hellip;]<\/p>\n","protected":false},"author":2,"featured_media":9396,"comment_status":"open","ping_status":"open","sticky":false,"template":"","format":"standard","meta":{"footnotes":""},"categories":[10,13,14],"tags":[],"class_list":["post-9395","post","type-post","status-publish","format-standard","has-post-thumbnail","hentry","category-general","category-news","category-politica"],"_links":{"self":[{"href":"https:\/\/camposerranoradio.com\/home\/wp-json\/wp\/v2\/posts\/9395","targetHints":{"allow":["GET"]}}],"collection":[{"href":"https:\/\/camposerranoradio.com\/home\/wp-json\/wp\/v2\/posts"}],"about":[{"href":"https:\/\/camposerranoradio.com\/home\/wp-json\/wp\/v2\/types\/post"}],"author":[{"embeddable":true,"href":"https:\/\/camposerranoradio.com\/home\/wp-json\/wp\/v2\/users\/2"}],"replies":[{"embeddable":true,"href":"https:\/\/camposerranoradio.com\/home\/wp-json\/wp\/v2\/comments?post=9395"}],"version-history":[{"count":1,"href":"https:\/\/camposerranoradio.com\/home\/wp-json\/wp\/v2\/posts\/9395\/revisions"}],"predecessor-version":[{"id":9397,"href":"https:\/\/camposerranoradio.com\/home\/wp-json\/wp\/v2\/posts\/9395\/revisions\/9397"}],"wp:featuredmedia":[{"embeddable":true,"href":"https:\/\/camposerranoradio.com\/home\/wp-json\/wp\/v2\/media\/9396"}],"wp:attachment":[{"href":"https:\/\/camposerranoradio.com\/home\/wp-json\/wp\/v2\/media?parent=9395"}],"wp:term":[{"taxonomy":"category","embeddable":true,"href":"https:\/\/camposerranoradio.com\/home\/wp-json\/wp\/v2\/categories?post=9395"},{"taxonomy":"post_tag","embeddable":true,"href":"https:\/\/camposerranoradio.com\/home\/wp-json\/wp\/v2\/tags?post=9395"}],"curies":[{"name":"wp","href":"https:\/\/api.w.org\/{rel}","templated":true}]}}