{"id":9398,"date":"2026-06-16T14:37:20","date_gmt":"2026-06-16T14:37:20","guid":{"rendered":"https:\/\/camposerranoradio.com\/home\/?p=9398"},"modified":"2026-06-16T14:37:20","modified_gmt":"2026-06-16T14:37:20","slug":"campana-presidencial-entra-en-su-etapa-decisiva-a-pocos-dias-de-la-segunda-vuelta","status":"publish","type":"post","link":"https:\/\/camposerranoradio.com\/home\/2026\/06\/16\/campana-presidencial-entra-en-su-etapa-decisiva-a-pocos-dias-de-la-segunda-vuelta\/","title":{"rendered":"CAMPA\u00d1A PRESIDENCIAL ENTRA EN SU ETAPA DECISIVA A POCOS D\u00cdAS DE LA SEGUNDA VUELTA"},"content":{"rendered":"\n<p class=\"wp-block-paragraph\">La contienda por la Presidencia de la Rep\u00fablica entra en su fase definitiva a medida que se acerca la jornada electoral de segunda vuelta, programada para el pr\u00f3ximo domingo 21 de junio. Los candidatos contin\u00faan recorriendo diferentes regiones del pa\u00eds en busca de consolidar el respaldo de los ciudadanos.<\/p>\n\n\n\n<p class=\"wp-block-paragraph\">Durante los \u00faltimos d\u00edas, las campa\u00f1as han intensificado sus actividades proselitistas con encuentros ciudadanos, caravanas, concentraciones y recorridos en varias ciudades y municipios, donde exponen sus propuestas sobre temas como seguridad, empleo, salud y desarrollo econ\u00f3mico.<\/p>\n\n\n\n<p class=\"wp-block-paragraph\">Analistas consideran que esta \u00faltima semana ser\u00e1 determinante para conquistar a los votantes indecisos, quienes podr\u00edan inclinar la balanza en una elecci\u00f3n que se prev\u00e9 altamente competitiva.<\/p>\n\n\n\n<p class=\"wp-block-paragraph\">Entretanto, las autoridades electorales avanzan en los preparativos log\u00edsticos y de seguridad para garantizar que la jornada democr\u00e1tica se desarrolle con normalidad en todo el territorio nacional.<\/p>\n\n\n\n<p class=\"wp-block-paragraph\">La expectativa crece entre los colombianos, quienes acudir\u00e1n a las urnas el pr\u00f3ximo domingo 21 de junio para elegir al pr\u00f3ximo presidente de la Rep\u00fablica.<\/p>\n","protected":false},"excerpt":{"rendered":"<p>La contienda por la Presidencia de la Rep\u00fablica entra en su fase definitiva a medida que se acerca la jornada electoral de segunda vuelta, programada para el pr\u00f3ximo domingo 21 de junio. Los candidatos contin\u00faan recorriendo diferentes regiones del pa\u00eds en busca de consolidar el respaldo de los ciudadanos. Durante los \u00faltimos d\u00edas, las campa\u00f1as [&hellip;]<\/p>\n","protected":false},"author":2,"featured_media":9399,"comment_status":"open","ping_status":"open","sticky":false,"template":"","format":"standard","meta":{"footnotes":""},"categories":[10,17,13,14],"tags":[],"class_list":["post-9398","post","type-post","status-publish","format-standard","has-post-thumbnail","hentry","category-general","category-nacional","category-news","category-politica"],"_links":{"self":[{"href":"https:\/\/camposerranoradio.com\/home\/wp-json\/wp\/v2\/posts\/9398","targetHints":{"allow":["GET"]}}],"collection":[{"href":"https:\/\/camposerranoradio.com\/home\/wp-json\/wp\/v2\/posts"}],"about":[{"href":"https:\/\/camposerranoradio.com\/home\/wp-json\/wp\/v2\/types\/post"}],"author":[{"embeddable":true,"href":"https:\/\/camposerranoradio.com\/home\/wp-json\/wp\/v2\/users\/2"}],"replies":[{"embeddable":true,"href":"https:\/\/camposerranoradio.com\/home\/wp-json\/wp\/v2\/comments?post=9398"}],"version-history":[{"count":1,"href":"https:\/\/camposerranoradio.com\/home\/wp-json\/wp\/v2\/posts\/9398\/revisions"}],"predecessor-version":[{"id":9400,"href":"https:\/\/camposerranoradio.com\/home\/wp-json\/wp\/v2\/posts\/9398\/revisions\/9400"}],"wp:featuredmedia":[{"embeddable":true,"href":"https:\/\/camposerranoradio.com\/home\/wp-json\/wp\/v2\/media\/9399"}],"wp:attachment":[{"href":"https:\/\/camposerranoradio.com\/home\/wp-json\/wp\/v2\/media?parent=9398"}],"wp:term":[{"taxonomy":"category","embeddable":true,"href":"https:\/\/camposerranoradio.com\/home\/wp-json\/wp\/v2\/categories?post=9398"},{"taxonomy":"post_tag","embeddable":true,"href":"https:\/\/camposerranoradio.com\/home\/wp-json\/wp\/v2\/tags?post=9398"}],"curies":[{"name":"wp","href":"https:\/\/api.w.org\/{rel}","templated":true}]}}