{"id":9401,"date":"2026-06-16T14:38:50","date_gmt":"2026-06-16T14:38:50","guid":{"rendered":"https:\/\/camposerranoradio.com\/home\/?p=9401"},"modified":"2026-06-16T14:38:50","modified_gmt":"2026-06-16T14:38:50","slug":"caravana-de-apoyo-a-abelardo-de-la-espriella-recorrio-las-calles-de-aguachica","status":"publish","type":"post","link":"https:\/\/camposerranoradio.com\/home\/2026\/06\/16\/caravana-de-apoyo-a-abelardo-de-la-espriella-recorrio-las-calles-de-aguachica\/","title":{"rendered":"CARAVANA DE APOYO A ABELARDO DE LA ESPRIELLA RECORRI\u00d3 LAS CALLES DE AGUACHICA"},"content":{"rendered":"\n<p class=\"wp-block-paragraph\">Cientos de simpatizantes del candidato presidencial Abelardo de la Espriella participaron en una caravana que recorri\u00f3 diferentes sectores de Aguachica, en una nueva jornada de respaldo a su aspiraci\u00f3n pol\u00edtica de cara a las elecciones presidenciales.<\/p>\n\n\n\n<p class=\"wp-block-paragraph\">La movilizaci\u00f3n inici\u00f3 en la carrera 34 con calle Quinta, punto de encuentro donde se congregaron veh\u00edculos, motocicletas y ciudadanos que se sumaron al recorrido portando banderas, camisetas y mensajes alusivos a la campa\u00f1a.<\/p>\n\n\n\n<p class=\"wp-block-paragraph\">Durante el trayecto, los asistentes acompa\u00f1aron la actividad con c\u00e1nticos y expresiones de apoyo al candidato, mientras avanzaban por distintos corredores viales del municipio en un ambiente de entusiasmo y participaci\u00f3n ciudadana.<\/p>\n\n\n\n<p class=\"wp-block-paragraph\">La actividad hizo parte de las acciones de campa\u00f1a que se vienen desarrollando en diferentes regiones del pa\u00eds, buscando fortalecer el contacto con los ciudadanos y promover las propuestas del aspirante presidencial.<\/p>\n\n\n\n<p class=\"wp-block-paragraph\">Ni\u00f1os, j\u00f3venes, adultos y adultos mayores hicieron parte de la caravana, en la que una de las consignas m\u00e1s repetidas fue \u00abFirme por la patria\u00bb, mensaje que acompa\u00f1\u00f3 la movilizaci\u00f3n durante su paso por las calles de la ciudad.<\/p>\n","protected":false},"excerpt":{"rendered":"<p>Cientos de simpatizantes del candidato presidencial Abelardo de la Espriella participaron en una caravana que recorri\u00f3 diferentes sectores de Aguachica, en una nueva jornada de respaldo a su aspiraci\u00f3n pol\u00edtica de cara a las elecciones presidenciales. La movilizaci\u00f3n inici\u00f3 en la carrera 34 con calle Quinta, punto de encuentro donde se congregaron veh\u00edculos, motocicletas y [&hellip;]<\/p>\n","protected":false},"author":2,"featured_media":9402,"comment_status":"open","ping_status":"open","sticky":false,"template":"","format":"standard","meta":{"footnotes":""},"categories":[10,11,13,14],"tags":[],"class_list":["post-9401","post","type-post","status-publish","format-standard","has-post-thumbnail","hentry","category-general","category-local","category-news","category-politica"],"_links":{"self":[{"href":"https:\/\/camposerranoradio.com\/home\/wp-json\/wp\/v2\/posts\/9401","targetHints":{"allow":["GET"]}}],"collection":[{"href":"https:\/\/camposerranoradio.com\/home\/wp-json\/wp\/v2\/posts"}],"about":[{"href":"https:\/\/camposerranoradio.com\/home\/wp-json\/wp\/v2\/types\/post"}],"author":[{"embeddable":true,"href":"https:\/\/camposerranoradio.com\/home\/wp-json\/wp\/v2\/users\/2"}],"replies":[{"embeddable":true,"href":"https:\/\/camposerranoradio.com\/home\/wp-json\/wp\/v2\/comments?post=9401"}],"version-history":[{"count":1,"href":"https:\/\/camposerranoradio.com\/home\/wp-json\/wp\/v2\/posts\/9401\/revisions"}],"predecessor-version":[{"id":9403,"href":"https:\/\/camposerranoradio.com\/home\/wp-json\/wp\/v2\/posts\/9401\/revisions\/9403"}],"wp:featuredmedia":[{"embeddable":true,"href":"https:\/\/camposerranoradio.com\/home\/wp-json\/wp\/v2\/media\/9402"}],"wp:attachment":[{"href":"https:\/\/camposerranoradio.com\/home\/wp-json\/wp\/v2\/media?parent=9401"}],"wp:term":[{"taxonomy":"category","embeddable":true,"href":"https:\/\/camposerranoradio.com\/home\/wp-json\/wp\/v2\/categories?post=9401"},{"taxonomy":"post_tag","embeddable":true,"href":"https:\/\/camposerranoradio.com\/home\/wp-json\/wp\/v2\/tags?post=9401"}],"curies":[{"name":"wp","href":"https:\/\/api.w.org\/{rel}","templated":true}]}}