{"id":9404,"date":"2026-06-16T14:40:45","date_gmt":"2026-06-16T14:40:45","guid":{"rendered":"https:\/\/camposerranoradio.com\/home\/?p=9404"},"modified":"2026-06-16T14:40:45","modified_gmt":"2026-06-16T14:40:45","slug":"capturan-a-presunto-expendedor-de-drogas-en-allanamiento-realizado-en-gamarra","status":"publish","type":"post","link":"https:\/\/camposerranoradio.com\/home\/2026\/06\/16\/capturan-a-presunto-expendedor-de-drogas-en-allanamiento-realizado-en-gamarra\/","title":{"rendered":"CAPTURAN A PRESUNTO EXPENDEDOR DE DROGAS EN ALLANAMIENTO REALIZADO EN GAMARRA"},"content":{"rendered":"\n<p class=\"wp-block-paragraph\">En un operativo adelantado por la Polic\u00eda Nacional en el municipio de Gamarra, Cesar, fue capturado un hombre de 38 a\u00f1os se\u00f1alado de presuntamente dedicarse al tr\u00e1fico local de sustancias estupefacientes.<\/p>\n\n\n\n<p class=\"wp-block-paragraph\">La diligencia fue realizada por unidades de la Seccional de Investigaci\u00f3n Criminal (SIJIN) mediante una orden de allanamiento y registro en una vivienda ubicada en el barrio San Antonio de esa poblaci\u00f3n, como parte de las acciones para combatir el microtr\u00e1fico en el sur del departamento.<\/p>\n\n\n\n<p class=\"wp-block-paragraph\">Durante el procedimiento, las autoridades incautaron 145 dosis de coca\u00edna y 143 dosis de base de coca, sustancias que, seg\u00fan las investigaciones, estaban destinadas para su distribuci\u00f3n en el municipio.<\/p>\n\n\n\n<p class=\"wp-block-paragraph\">El capturado, conocido con el alias de \u201cEl Indio\u201d, fue puesto a disposici\u00f3n de la Fiscal\u00eda General de la Naci\u00f3n junto con el material incautado, mientras avanzan las investigaciones correspondientes.<\/p>\n\n\n\n<p class=\"wp-block-paragraph\">Posteriormente, un juez con funci\u00f3n de control de garant\u00edas le otorg\u00f3 el beneficio de libertad condicional mientras contin\u00faa el proceso judicial.<\/p>\n","protected":false},"excerpt":{"rendered":"<p>En un operativo adelantado por la Polic\u00eda Nacional en el municipio de Gamarra, Cesar, fue capturado un hombre de 38 a\u00f1os se\u00f1alado de presuntamente dedicarse al tr\u00e1fico local de sustancias estupefacientes. La diligencia fue realizada por unidades de la Seccional de Investigaci\u00f3n Criminal (SIJIN) mediante una orden de allanamiento y registro en una vivienda ubicada [&hellip;]<\/p>\n","protected":false},"author":2,"featured_media":9405,"comment_status":"open","ping_status":"open","sticky":false,"template":"","format":"standard","meta":{"footnotes":""},"categories":[10,13,5],"tags":[],"class_list":["post-9404","post","type-post","status-publish","format-standard","has-post-thumbnail","hentry","category-general","category-news","category-regional"],"_links":{"self":[{"href":"https:\/\/camposerranoradio.com\/home\/wp-json\/wp\/v2\/posts\/9404","targetHints":{"allow":["GET"]}}],"collection":[{"href":"https:\/\/camposerranoradio.com\/home\/wp-json\/wp\/v2\/posts"}],"about":[{"href":"https:\/\/camposerranoradio.com\/home\/wp-json\/wp\/v2\/types\/post"}],"author":[{"embeddable":true,"href":"https:\/\/camposerranoradio.com\/home\/wp-json\/wp\/v2\/users\/2"}],"replies":[{"embeddable":true,"href":"https:\/\/camposerranoradio.com\/home\/wp-json\/wp\/v2\/comments?post=9404"}],"version-history":[{"count":1,"href":"https:\/\/camposerranoradio.com\/home\/wp-json\/wp\/v2\/posts\/9404\/revisions"}],"predecessor-version":[{"id":9406,"href":"https:\/\/camposerranoradio.com\/home\/wp-json\/wp\/v2\/posts\/9404\/revisions\/9406"}],"wp:featuredmedia":[{"embeddable":true,"href":"https:\/\/camposerranoradio.com\/home\/wp-json\/wp\/v2\/media\/9405"}],"wp:attachment":[{"href":"https:\/\/camposerranoradio.com\/home\/wp-json\/wp\/v2\/media?parent=9404"}],"wp:term":[{"taxonomy":"category","embeddable":true,"href":"https:\/\/camposerranoradio.com\/home\/wp-json\/wp\/v2\/categories?post=9404"},{"taxonomy":"post_tag","embeddable":true,"href":"https:\/\/camposerranoradio.com\/home\/wp-json\/wp\/v2\/tags?post=9404"}],"curies":[{"name":"wp","href":"https:\/\/api.w.org\/{rel}","templated":true}]}}