{"id":9423,"date":"2026-09-03T12:29:34","date_gmt":"2026-09-03T12:29:34","guid":{"rendered":"https:\/\/camposerranoradio.com\/home\/?p=9423"},"modified":"2026-09-03T12:29:34","modified_gmt":"2026-09-03T12:29:34","slug":"persisten-las-dificultades-de-usuarios-de-nueva-eps-en-aguachica","status":"publish","type":"post","link":"https:\/\/camposerranoradio.com\/home\/2026\/09\/03\/persisten-las-dificultades-de-usuarios-de-nueva-eps-en-aguachica\/","title":{"rendered":"PERSISTEN LAS DIFICULTADES DE USUARIOS DE NUEVA EPS EN AGUACHICA"},"content":{"rendered":"\n<p class=\"wp-block-paragraph\">Las dificultades en la atenci\u00f3n en salud para usuarios de Nueva EPS contin\u00faan generando preocupaci\u00f3n en Aguachica, sur del Cesar.<\/p>\n\n\n\n<p class=\"wp-block-paragraph\">Una nueva situaci\u00f3n de protesta se registr\u00f3 el mi\u00e9rcoles 2 de septiembre del 2026, cuando un ciudadano con discapacidad y en silla de ruedas decidi\u00f3 encadenarse en la entrada de las instalaciones de la entidad para reclamar respuestas a varias situaciones que, seg\u00fan manifest\u00f3, ven\u00eda enfrentando.<\/p>\n\n\n\n<p class=\"wp-block-paragraph\">Entre sus principales reclamos se encontraban las dificultades para acceder al servicio de transporte necesario para asistir a remisiones y tratamientos m\u00e9dicos, adem\u00e1s de recursos econ\u00f3micos que, asegur\u00f3, tuvo que asumir de su propio bolsillo para poder movilizarse y que posteriormente no le habr\u00edan sido reembolsados.<\/p>\n\n\n\n<p class=\"wp-block-paragraph\">La situaci\u00f3n llam\u00f3 la atenci\u00f3n de la Personer\u00eda Municipal de Aguachica, cuyos funcionarios acudieron al lugar para dialogar con el ciudadano y acompa\u00f1ar el caso, en calidad de garantes de sus derechos.<\/p>\n\n\n\n<p class=\"wp-block-paragraph\">Despu\u00e9s de la intervenci\u00f3n, el ciudadano decidi\u00f3 retirarse de la entrada de la entidad. Sin embargo, la Personer\u00eda anunci\u00f3 que continuar\u00eda haciendo seguimiento a la situaci\u00f3n, con el prop\u00f3sito de buscar respuestas a sus solicitudes y garantizar que sus derechos en materia de salud fueran respetados.<\/p>\n\n\n\n<p class=\"wp-block-paragraph\">El caso vuelve a poner sobre la mesa las dificultades que algunos usuarios de Nueva EPS aseguran estar enfrentando en Aguachica, particularmente quienes requieren tratamientos, remisiones y condiciones especiales de movilidad.<\/p>\n\n\n\n<p class=\"wp-block-paragraph\">La comunidad espera que estos reclamos encuentren respuestas oportunas y que las entidades responsables puedan brindar soluciones efectivas a los pacientes, especialmente a quienes se encuentran en condici\u00f3n de discapacidad y requieren atenci\u00f3n prioritaria. Porque cuando una persona tiene que llegar al extremo de encadenarse para ser escuchada, algo en el sistema, evidentemente, necesita bastante m\u00e1s que una llamada en espera.<\/p>\n","protected":false},"excerpt":{"rendered":"<p>Las dificultades en la atenci\u00f3n en salud para usuarios de Nueva EPS contin\u00faan generando preocupaci\u00f3n en Aguachica, sur del Cesar. Una nueva situaci\u00f3n de protesta se registr\u00f3 el mi\u00e9rcoles 2 de septiembre del 2026, cuando un ciudadano con discapacidad y en silla de ruedas decidi\u00f3 encadenarse en la entrada de las instalaciones de la entidad [&hellip;]<\/p>\n","protected":false},"author":2,"featured_media":9424,"comment_status":"open","ping_status":"open","sticky":false,"template":"","format":"standard","meta":{"footnotes":""},"categories":[17,13,37],"tags":[],"class_list":["post-9423","post","type-post","status-publish","format-standard","has-post-thumbnail","hentry","category-nacional","category-news","category-salud"],"_links":{"self":[{"href":"https:\/\/camposerranoradio.com\/home\/wp-json\/wp\/v2\/posts\/9423","targetHints":{"allow":["GET"]}}],"collection":[{"href":"https:\/\/camposerranoradio.com\/home\/wp-json\/wp\/v2\/posts"}],"about":[{"href":"https:\/\/camposerranoradio.com\/home\/wp-json\/wp\/v2\/types\/post"}],"author":[{"embeddable":true,"href":"https:\/\/camposerranoradio.com\/home\/wp-json\/wp\/v2\/users\/2"}],"replies":[{"embeddable":true,"href":"https:\/\/camposerranoradio.com\/home\/wp-json\/wp\/v2\/comments?post=9423"}],"version-history":[{"count":1,"href":"https:\/\/camposerranoradio.com\/home\/wp-json\/wp\/v2\/posts\/9423\/revisions"}],"predecessor-version":[{"id":9425,"href":"https:\/\/camposerranoradio.com\/home\/wp-json\/wp\/v2\/posts\/9423\/revisions\/9425"}],"wp:featuredmedia":[{"embeddable":true,"href":"https:\/\/camposerranoradio.com\/home\/wp-json\/wp\/v2\/media\/9424"}],"wp:attachment":[{"href":"https:\/\/camposerranoradio.com\/home\/wp-json\/wp\/v2\/media?parent=9423"}],"wp:term":[{"taxonomy":"category","embeddable":true,"href":"https:\/\/camposerranoradio.com\/home\/wp-json\/wp\/v2\/categories?post=9423"},{"taxonomy":"post_tag","embeddable":true,"href":"https:\/\/camposerranoradio.com\/home\/wp-json\/wp\/v2\/tags?post=9423"}],"curies":[{"name":"wp","href":"https:\/\/api.w.org\/{rel}","templated":true}]}}