{"id":9426,"date":"2026-09-03T12:31:03","date_gmt":"2026-09-03T12:31:03","guid":{"rendered":"https:\/\/camposerranoradio.com\/home\/?p=9426"},"modified":"2026-09-03T12:31:03","modified_gmt":"2026-09-03T12:31:03","slug":"desde-hoy-entrara-en-funcionamiento-la-fotodeteccion-frente-a-la-upc-en-aguachica","status":"publish","type":"post","link":"https:\/\/camposerranoradio.com\/home\/2026\/09\/03\/desde-hoy-entrara-en-funcionamiento-la-fotodeteccion-frente-a-la-upc-en-aguachica\/","title":{"rendered":"DESDE HOY ENTRAR\u00c1 EN FUNCIONAMIENTO LA FOTODETECCI\u00d3N FRENTE A LA UPC EN AGUACHICA"},"content":{"rendered":"\n<p class=\"wp-block-paragraph\">A partir de hoy jueves 3 de septiembre del 2026 entrar\u00e1 en funcionamiento la c\u00e1mara de fotodetecci\u00f3n ubicada en la entrada de la Universidad Popular del Cesar (UPC), en Aguachica. As\u00ed lo confirm\u00f3 el director del Instituto Municipal de Tr\u00e1nsito y Transporte de Aguachica, Gelver C\u00e1rdenas.<\/p>\n\n\n\n<p class=\"wp-block-paragraph\">El anuncio se da en medio de las acciones que adelanta el Instituto para fortalecer los controles sobre las v\u00edas del municipio y mejorar la seguridad vial.<\/p>\n\n\n\n<p class=\"wp-block-paragraph\">El IMTTA aclar\u00f3 que no se aplicar\u00e1n fotomultas a motociclistas por no portar casco, sobrecupo u otras situaciones que han circulado en redes sociales.<\/p>\n\n\n\n<p class=\"wp-block-paragraph\">La c\u00e1mara estar\u00e1 dirigida exclusivamente a veh\u00edculos de carga pesada y permitir\u00e1 detectar infracciones relacionadas con exceso de velocidad, SOAT y revisi\u00f3n t\u00e9cnico-mec\u00e1nica.<\/p>\n\n\n\n<p class=\"wp-block-paragraph\">Conductores de veh\u00edculos de carga pesada deber\u00e1n estar atentos y cumplir con la documentaci\u00f3n y las normas de tr\u00e1nsito para evitar sanciones.<\/p>\n","protected":false},"excerpt":{"rendered":"<p>A partir de hoy jueves 3 de septiembre del 2026 entrar\u00e1 en funcionamiento la c\u00e1mara de fotodetecci\u00f3n ubicada en la entrada de la Universidad Popular del Cesar (UPC), en Aguachica. As\u00ed lo confirm\u00f3 el director del Instituto Municipal de Tr\u00e1nsito y Transporte de Aguachica, Gelver C\u00e1rdenas. El anuncio se da en medio de las acciones [&hellip;]<\/p>\n","protected":false},"author":2,"featured_media":9427,"comment_status":"open","ping_status":"open","sticky":false,"template":"","format":"standard","meta":{"footnotes":""},"categories":[11,13,36],"tags":[],"class_list":["post-9426","post","type-post","status-publish","format-standard","has-post-thumbnail","hentry","category-local","category-news","category-transporte"],"_links":{"self":[{"href":"https:\/\/camposerranoradio.com\/home\/wp-json\/wp\/v2\/posts\/9426","targetHints":{"allow":["GET"]}}],"collection":[{"href":"https:\/\/camposerranoradio.com\/home\/wp-json\/wp\/v2\/posts"}],"about":[{"href":"https:\/\/camposerranoradio.com\/home\/wp-json\/wp\/v2\/types\/post"}],"author":[{"embeddable":true,"href":"https:\/\/camposerranoradio.com\/home\/wp-json\/wp\/v2\/users\/2"}],"replies":[{"embeddable":true,"href":"https:\/\/camposerranoradio.com\/home\/wp-json\/wp\/v2\/comments?post=9426"}],"version-history":[{"count":1,"href":"https:\/\/camposerranoradio.com\/home\/wp-json\/wp\/v2\/posts\/9426\/revisions"}],"predecessor-version":[{"id":9428,"href":"https:\/\/camposerranoradio.com\/home\/wp-json\/wp\/v2\/posts\/9426\/revisions\/9428"}],"wp:featuredmedia":[{"embeddable":true,"href":"https:\/\/camposerranoradio.com\/home\/wp-json\/wp\/v2\/media\/9427"}],"wp:attachment":[{"href":"https:\/\/camposerranoradio.com\/home\/wp-json\/wp\/v2\/media?parent=9426"}],"wp:term":[{"taxonomy":"category","embeddable":true,"href":"https:\/\/camposerranoradio.com\/home\/wp-json\/wp\/v2\/categories?post=9426"},{"taxonomy":"post_tag","embeddable":true,"href":"https:\/\/camposerranoradio.com\/home\/wp-json\/wp\/v2\/tags?post=9426"}],"curies":[{"name":"wp","href":"https:\/\/api.w.org\/{rel}","templated":true}]}}