{"id":9429,"date":"2026-09-03T12:32:51","date_gmt":"2026-09-03T12:32:51","guid":{"rendered":"https:\/\/camposerranoradio.com\/home\/?p=9429"},"modified":"2026-09-03T12:32:51","modified_gmt":"2026-09-03T12:32:51","slug":"nuevo-hostigamiento-sacude-el-sector-de-el-burro-cesar","status":"publish","type":"post","link":"https:\/\/camposerranoradio.com\/home\/2026\/09\/03\/nuevo-hostigamiento-sacude-el-sector-de-el-burro-cesar\/","title":{"rendered":"NUEVO HOSTIGAMIENTO SACUDE EL SECTOR DE EL BURRO, CESAR"},"content":{"rendered":"\n<p class=\"wp-block-paragraph\">Ataque con presuntos explosivos gener\u00f3 temor entre habitantes durante la madrugada<\/p>\n\n\n\n<p class=\"wp-block-paragraph\">Un nuevo hecho de violencia se registr\u00f3 durante la madrugada de este mi\u00e9rcoles 2 de septiembre del 2026 en el sector donde funcionaba la Subestaci\u00f3n de Polic\u00eda de El Burro, Cesar.<\/p>\n\n\n\n<p class=\"wp-block-paragraph\">De acuerdo con la informaci\u00f3n entregada por la Polic\u00eda Nacional, hacia las 12:30 de la madrugada, las instalaciones fueron objeto de un hostigamiento, al parecer mediante el lanzamiento de artefactos explosivos, situaci\u00f3n que provoc\u00f3 momentos de p\u00e1nico y zozobra entre la comunidad.<\/p>\n\n\n\n<p class=\"wp-block-paragraph\">Cabe recordar que el pasado 22 de julio de 2026, este mismo lugar hab\u00eda sido atacado mediante el uso de drones, ocasionando da\u00f1os en la infraestructura y dej\u00e1ndola inhabitable. Debido a esta situaci\u00f3n, los uniformados fueron reubicados y el servicio de seguridad pas\u00f3 a desarrollarse de manera coordinada con el Ej\u00e9rcito Nacional.<\/p>\n\n\n\n<p class=\"wp-block-paragraph\">Las autoridades adelantan labores de investigaci\u00f3n e inteligencia para establecer qui\u00e9nes estar\u00edan detr\u00e1s del nuevo ataque. La Polic\u00eda se\u00f1al\u00f3 que en esta zona tiene presencia el Frente Camilo Torres Restrepo del ELN.<\/p>\n\n\n\n<p class=\"wp-block-paragraph\">La instituci\u00f3n rechaz\u00f3 el hecho violento e invit\u00f3 a la ciudadan\u00eda a entregar informaci\u00f3n que permita identificar y capturar a los responsables a trav\u00e9s de las l\u00edneas 123, 155 y 165.<\/p>\n","protected":false},"excerpt":{"rendered":"<p>Ataque con presuntos explosivos gener\u00f3 temor entre habitantes durante la madrugada Un nuevo hecho de violencia se registr\u00f3 durante la madrugada de este mi\u00e9rcoles 2 de septiembre del 2026 en el sector donde funcionaba la Subestaci\u00f3n de Polic\u00eda de El Burro, Cesar. De acuerdo con la informaci\u00f3n entregada por la Polic\u00eda Nacional, hacia las 12:30 [&hellip;]<\/p>\n","protected":false},"author":2,"featured_media":9430,"comment_status":"open","ping_status":"open","sticky":false,"template":"","format":"standard","meta":{"footnotes":""},"categories":[13,5],"tags":[],"class_list":["post-9429","post","type-post","status-publish","format-standard","has-post-thumbnail","hentry","category-news","category-regional"],"_links":{"self":[{"href":"https:\/\/camposerranoradio.com\/home\/wp-json\/wp\/v2\/posts\/9429","targetHints":{"allow":["GET"]}}],"collection":[{"href":"https:\/\/camposerranoradio.com\/home\/wp-json\/wp\/v2\/posts"}],"about":[{"href":"https:\/\/camposerranoradio.com\/home\/wp-json\/wp\/v2\/types\/post"}],"author":[{"embeddable":true,"href":"https:\/\/camposerranoradio.com\/home\/wp-json\/wp\/v2\/users\/2"}],"replies":[{"embeddable":true,"href":"https:\/\/camposerranoradio.com\/home\/wp-json\/wp\/v2\/comments?post=9429"}],"version-history":[{"count":1,"href":"https:\/\/camposerranoradio.com\/home\/wp-json\/wp\/v2\/posts\/9429\/revisions"}],"predecessor-version":[{"id":9431,"href":"https:\/\/camposerranoradio.com\/home\/wp-json\/wp\/v2\/posts\/9429\/revisions\/9431"}],"wp:featuredmedia":[{"embeddable":true,"href":"https:\/\/camposerranoradio.com\/home\/wp-json\/wp\/v2\/media\/9430"}],"wp:attachment":[{"href":"https:\/\/camposerranoradio.com\/home\/wp-json\/wp\/v2\/media?parent=9429"}],"wp:term":[{"taxonomy":"category","embeddable":true,"href":"https:\/\/camposerranoradio.com\/home\/wp-json\/wp\/v2\/categories?post=9429"},{"taxonomy":"post_tag","embeddable":true,"href":"https:\/\/camposerranoradio.com\/home\/wp-json\/wp\/v2\/tags?post=9429"}],"curies":[{"name":"wp","href":"https:\/\/api.w.org\/{rel}","templated":true}]}}