{"id":964,"date":"2022-10-24T12:02:17","date_gmt":"2022-10-24T12:02:17","guid":{"rendered":"https:\/\/camposerranoradio.com\/home\/?p=964"},"modified":"2022-10-24T12:02:18","modified_gmt":"2022-10-24T12:02:18","slug":"estudiantes-upecistas-brillaron-en-la-onceava-vi-feria-de-emprendimiento-y-v-rueda-de-negocios-sostemprende","status":"publish","type":"post","link":"https:\/\/camposerranoradio.com\/home\/2022\/10\/24\/estudiantes-upecistas-brillaron-en-la-onceava-vi-feria-de-emprendimiento-y-v-rueda-de-negocios-sostemprende\/","title":{"rendered":"ESTUDIANTES UPECISTAS BRILLARON EN LA ONCEAVA VI FERIA DE EMPRENDIMIENTO Y V RUEDA DE NEGOCIOS \u00abSOSTEMPRENDE\u00bb"},"content":{"rendered":"\n<p class=\"wp-block-paragraph\">Con una excelente y exitosa programaci\u00f3n acad\u00e9mica se cumpli\u00f3 la Onceava VI Feria de Emprendimiento y V Rueda de Negocios upescista \u00abSOSTEMPRENDE\u00bb 2022; en la cual durante tres d\u00edas estudiantes mostraron al p\u00fablico las diferentes ideas de emprendimiento que adelantan a lo largo de su vida acad\u00e9mica y en la cual empresarios de Aguachica y la regi\u00f3n el sur del Cesar se sumaron en apoyo al p\u00fablico con sus presentaciones.<\/p>\n\n\n\n<p class=\"wp-block-paragraph\">La socializaci\u00f3n del evento tuvo lugar en las instalaciones de la Universidad Popular del Cesar seccional Aguachica, los d\u00edas 19, 20 y 21 de octubre del a\u00f1o en curso. El d\u00eda 19 de octubre se dio apertura al evento con la realizaci\u00f3n del foro, \u00ab<em>El mejor pa\u00eds&nbsp; para emprender en am\u00e9rica latina con miras a la consolidaci\u00f3n de paz\u00bb, <\/em>enfocado en la importancia de realizar proyectos empresariales.<\/p>\n\n\n\n<p class=\"wp-block-paragraph\">En el segundo y tercer d\u00eda se llev\u00f3 a cabo la Feria de Emprendimiento y V Rueda de Negocios upescista con la muestra de m\u00e1s de 100 ideas empresariales por parte de los estudiantes, de las cuales <em>e<\/em>n el acto protocolario de cierre el viernes 21 de octubre se reconocieron mediante premiaci\u00f3n, las tres m\u00e1s representativas.<\/p>\n\n\n\n<p class=\"wp-block-paragraph\">En primer lugar recibi\u00f3 reconocimiento la idea empresarial \u00abPetrescue\u00bb; en segundo lugar el proyecto acad\u00e9mico \u00abObtenci\u00f3n de harina a partir de la pulpa y pergamino de caf\u00e9 y variedad castilla\u00bb, &nbsp;y finalmente en tercer lugar se resalt\u00f3 el emprendimiento acad\u00e9mico \u00abProceso de segmentaci\u00f3n l\u00e1ctica a trav\u00e9s de la elaboraci\u00f3n de un yogurt griego\u00bb.<\/p>\n\n\n\n<p class=\"wp-block-paragraph\">Wilfred Smith Torres, vicerrector de la UPC seccional Aguachica, destac\u00f3 la importancia de generar este tipo de espacios acad\u00e9micos en los que estudiantes tienen la oportunidad de visibilizar sus ideas de negocios, resaltando que desde la UPC se les realizar\u00e1 un seguimiento acad\u00e9mico con el fin de lograr materializar empresarialmente a futuro las ideas en el municipio de Aguachica con miras al fortalecimiento y reactivaci\u00f3n econ\u00f3mica. Evento realizado en alianza con la C\u00e1mara de comercio de Aguachica y el SENA.<\/p>\n\n\n\n<figure class=\"wp-block-gallery has-nested-images columns-default is-cropped wp-block-gallery-1 is-layout-flex wp-block-gallery-is-layout-flex\">\n<figure class=\"wp-block-image size-large\"><img decoding=\"async\" data-id=\"965\" src=\"https:\/\/camposerranoradio.com\/home\/wp-content\/uploads\/2022\/10\/ESTUDIANTES-UPECISTAS-BRILLARON-EN-LA-FERIA-1.jpg\" alt=\"\" class=\"wp-image-965\"\/><\/figure>\n\n\n\n<figure class=\"wp-block-image size-large\"><img decoding=\"async\" data-id=\"966\" src=\"https:\/\/camposerranoradio.com\/home\/wp-content\/uploads\/2022\/10\/ESTUDIANTES-UPECISTAS-BRILLARON-EN-LA-FERIA-2.jpg\" alt=\"\" class=\"wp-image-966\"\/><\/figure>\n<\/figure>\n","protected":false},"excerpt":{"rendered":"<p>Con una excelente y exitosa programaci\u00f3n acad\u00e9mica se cumpli\u00f3 la Onceava VI Feria de Emprendimiento y V Rueda de Negocios upescista \u00abSOSTEMPRENDE\u00bb 2022; en la cual durante tres d\u00edas estudiantes mostraron al p\u00fablico las diferentes ideas de emprendimiento que adelantan a lo largo de su vida acad\u00e9mica y en la cual empresarios de Aguachica y [&hellip;]<\/p>\n","protected":false},"author":3,"featured_media":0,"comment_status":"open","ping_status":"open","sticky":false,"template":"","format":"standard","meta":{"footnotes":""},"categories":[11,13],"tags":[],"class_list":["post-964","post","type-post","status-publish","format-standard","hentry","category-local","category-news"],"_links":{"self":[{"href":"https:\/\/camposerranoradio.com\/home\/wp-json\/wp\/v2\/posts\/964","targetHints":{"allow":["GET"]}}],"collection":[{"href":"https:\/\/camposerranoradio.com\/home\/wp-json\/wp\/v2\/posts"}],"about":[{"href":"https:\/\/camposerranoradio.com\/home\/wp-json\/wp\/v2\/types\/post"}],"author":[{"embeddable":true,"href":"https:\/\/camposerranoradio.com\/home\/wp-json\/wp\/v2\/users\/3"}],"replies":[{"embeddable":true,"href":"https:\/\/camposerranoradio.com\/home\/wp-json\/wp\/v2\/comments?post=964"}],"version-history":[{"count":1,"href":"https:\/\/camposerranoradio.com\/home\/wp-json\/wp\/v2\/posts\/964\/revisions"}],"predecessor-version":[{"id":967,"href":"https:\/\/camposerranoradio.com\/home\/wp-json\/wp\/v2\/posts\/964\/revisions\/967"}],"wp:attachment":[{"href":"https:\/\/camposerranoradio.com\/home\/wp-json\/wp\/v2\/media?parent=964"}],"wp:term":[{"taxonomy":"category","embeddable":true,"href":"https:\/\/camposerranoradio.com\/home\/wp-json\/wp\/v2\/categories?post=964"},{"taxonomy":"post_tag","embeddable":true,"href":"https:\/\/camposerranoradio.com\/home\/wp-json\/wp\/v2\/tags?post=964"}],"curies":[{"name":"wp","href":"https:\/\/api.w.org\/{rel}","templated":true}]}}