{"id":971,"date":"2022-10-24T12:44:40","date_gmt":"2022-10-24T12:44:40","guid":{"rendered":"https:\/\/camposerranoradio.com\/home\/?p=971"},"modified":"2022-10-24T12:44:41","modified_gmt":"2022-10-24T12:44:41","slug":"mujeres-participaron-de-la-primera-feria-de-emprendimiento-en-el-municipio-de-aguachica","status":"publish","type":"post","link":"https:\/\/camposerranoradio.com\/home\/2022\/10\/24\/mujeres-participaron-de-la-primera-feria-de-emprendimiento-en-el-municipio-de-aguachica\/","title":{"rendered":"MUJERES PARTICIPARON DE LA PRIMERA FERIA DE EMPRENDIMIENTO EN EL MUNICIPIO DE AGUACHICA"},"content":{"rendered":"\n<p class=\"wp-block-paragraph\">Mujeres de la zona rural y urbana de Aguachica fueron participes de la primera Feria de Emprendimiento Rural llevada a cabo el s\u00e1bado tres de octubre en horas de la ma\u00f1ana, en el parque principal San Roque, bajo el liderazgo de la oficina de Enlace de Mujer y Equidad de G\u00e9nero en el municipio.<\/p>\n\n\n\n<p class=\"wp-block-paragraph\">El objetivo de la actividad fue propiciar un espacio en el cual las mujeres lograran impulsar los productos elaborados con sus propias manos como panader\u00eda artesanal, dulcer\u00eda tradicional, vinos elaborados a base de frutas y miel, productos l\u00e1cteos, muestras de confecci\u00f3n, bisuter\u00eda y artesan\u00edas elaboradas en cart\u00f3n, vidrio y material reciclable y productos de comercializaci\u00f3n natural como gallinas procesadas, verduras, entre otros m\u00e1s.<\/p>\n\n\n\n<p class=\"wp-block-paragraph\">Adem\u00e1s este primer encuentro de mujeres busc\u00f3 fortalecer en cada una de ellas, el esp\u00edritu empresarial con el fin de viabilizar la sostenibilidad y competitividad del municipio en la cual cumplen un papel fundamental como agentes cooperadoras de su propio fortalecimiento econ\u00f3mico y el de la regi\u00f3n.<\/p>\n","protected":false},"excerpt":{"rendered":"<p>Mujeres de la zona rural y urbana de Aguachica fueron participes de la primera Feria de Emprendimiento Rural llevada a cabo el s\u00e1bado tres de octubre en horas de la ma\u00f1ana, en el parque principal San Roque, bajo el liderazgo de la oficina de Enlace de Mujer y Equidad de G\u00e9nero en el municipio. El [&hellip;]<\/p>\n","protected":false},"author":3,"featured_media":0,"comment_status":"open","ping_status":"open","sticky":false,"template":"","format":"standard","meta":{"footnotes":""},"categories":[11,13],"tags":[],"class_list":["post-971","post","type-post","status-publish","format-standard","hentry","category-local","category-news"],"_links":{"self":[{"href":"https:\/\/camposerranoradio.com\/home\/wp-json\/wp\/v2\/posts\/971","targetHints":{"allow":["GET"]}}],"collection":[{"href":"https:\/\/camposerranoradio.com\/home\/wp-json\/wp\/v2\/posts"}],"about":[{"href":"https:\/\/camposerranoradio.com\/home\/wp-json\/wp\/v2\/types\/post"}],"author":[{"embeddable":true,"href":"https:\/\/camposerranoradio.com\/home\/wp-json\/wp\/v2\/users\/3"}],"replies":[{"embeddable":true,"href":"https:\/\/camposerranoradio.com\/home\/wp-json\/wp\/v2\/comments?post=971"}],"version-history":[{"count":1,"href":"https:\/\/camposerranoradio.com\/home\/wp-json\/wp\/v2\/posts\/971\/revisions"}],"predecessor-version":[{"id":973,"href":"https:\/\/camposerranoradio.com\/home\/wp-json\/wp\/v2\/posts\/971\/revisions\/973"}],"wp:attachment":[{"href":"https:\/\/camposerranoradio.com\/home\/wp-json\/wp\/v2\/media?parent=971"}],"wp:term":[{"taxonomy":"category","embeddable":true,"href":"https:\/\/camposerranoradio.com\/home\/wp-json\/wp\/v2\/categories?post=971"},{"taxonomy":"post_tag","embeddable":true,"href":"https:\/\/camposerranoradio.com\/home\/wp-json\/wp\/v2\/tags?post=971"}],"curies":[{"name":"wp","href":"https:\/\/api.w.org\/{rel}","templated":true}]}}