{"id":990,"date":"2022-10-26T12:40:32","date_gmt":"2022-10-26T12:40:32","guid":{"rendered":"https:\/\/camposerranoradio.com\/home\/?p=990"},"modified":"2022-10-26T12:40:33","modified_gmt":"2022-10-26T12:40:33","slug":"estudiantes-de-la-escuela-alfonso-lopez-retornaron-a-clases-nuevamente","status":"publish","type":"post","link":"https:\/\/camposerranoradio.com\/home\/2022\/10\/26\/estudiantes-de-la-escuela-alfonso-lopez-retornaron-a-clases-nuevamente\/","title":{"rendered":"ESTUDIANTES DE LA ESCUELA ALFONSO L\u00d3PEZ RETORNARON A CLASES NUEVAMENTE"},"content":{"rendered":"\n<p class=\"wp-block-paragraph\">Los estudiantes de la escuela Alfonso L\u00f3pez sede de la Instituci\u00f3n Educativa Jorge Eliecer Gait\u00e1n, retornaron al fin a clases presenciales luego de estar por alrededor de 33 meses fuera de las instalaciones educativas. Desde el lunes 24 de octubre de 2022 el cuerpo docente y estudiantil gozan de las remodelaciones que se adelantaron internamente en la escuela.<\/p>\n\n\n\n<p class=\"wp-block-paragraph\">La Instituci\u00f3n Alfonso L\u00f3pez, fue cerrada en el mes de marzo del a\u00f1o 2020 cuando inici\u00f3 la pandemia por Covid 19, tiempo en el cual fue objeto de robos y da\u00f1os materiales en la infraestructura por la falta de personal de aseo y vigilancia, problem\u00e1tica que los oblig\u00f3 a desplazarse al colegio Antonio Nari\u00f1o donde recib\u00edan clases a la intemperie.<\/p>\n\n\n\n<p class=\"wp-block-paragraph\">En el mes de septiembre de 2022, se adelantaron unas adecuaciones locativas en la escuela Alfonso L\u00f3pez en primer lugar, con recursos del Fondo de Mitigaci\u00f3n de Emergencias FOME del Ministerio de Hacienda y Cr\u00e9dito P\u00fablico y por parte de la Administraci\u00f3n Local dado al fallo de acci\u00f3n popular ordenado por el Tribunal Administrativo del Cesar el pasado 16 de junio de 2022, ante una demanda interpuesta por el abogado Fray Segura.<\/p>\n\n\n\n<p class=\"wp-block-paragraph\">Las adecuaciones locativas en el interior de la instituci\u00f3n constituyeron el desmonte de puertas y ventanas, la instalaci\u00f3n general de las mismas, suministro e instalaci\u00f3n de tres sanitarios y tres lavamanos sin grifer\u00eda, un lavaplatos y la construcci\u00f3n de una peque\u00f1a placa, lo anterior tendr\u00e1 un costo total de inversi\u00f3n de 13.356.159 pesos, sin embargo, el valor total de la inversi\u00f3n seg\u00fan la Alcald\u00eda Municipal figura por 17.363.007 pesos pues aqu\u00ed, se incluyen los costos indirectos de Administraci\u00f3n, Imprevistos y Utilidad por un agregado del 30%.<\/p>\n\n\n\n<p class=\"wp-block-paragraph\">Sin embargo, sigue la ausencia del personal de vigilantes y aseadoras, por lo que, el rector de la Instituci\u00f3n Educativa Jorge Eliecer Gait\u00e1n, Oscar Pallares Ropero pide a la Gobernaci\u00f3n Departamental, Secretaria de Educaci\u00f3n Municipal y departamental y a la Administraci\u00f3n Municipal para que tomen carta en el asunto y evitar posibles nuevas problem\u00e1ticas.<\/p>\n\n\n\n<figure class=\"wp-block-audio\"><audio controls src=\"https:\/\/camposerranoradio.com\/home\/wp-content\/uploads\/2022\/10\/OSCAR-PALLARES-26-10-22.mp3\"><\/audio><figcaption>Oscar Pallares Ropero &#8211; Rector<\/figcaption><\/figure>\n","protected":false},"excerpt":{"rendered":"<p>Los estudiantes de la escuela Alfonso L\u00f3pez sede de la Instituci\u00f3n Educativa Jorge Eliecer Gait\u00e1n, retornaron al fin a clases presenciales luego de estar por alrededor de 33 meses fuera de las instalaciones educativas. Desde el lunes 24 de octubre de 2022 el cuerpo docente y estudiantil gozan de las remodelaciones que se adelantaron internamente [&hellip;]<\/p>\n","protected":false},"author":3,"featured_media":0,"comment_status":"open","ping_status":"open","sticky":false,"template":"","format":"standard","meta":{"footnotes":""},"categories":[11,13],"tags":[],"class_list":["post-990","post","type-post","status-publish","format-standard","hentry","category-local","category-news"],"_links":{"self":[{"href":"https:\/\/camposerranoradio.com\/home\/wp-json\/wp\/v2\/posts\/990","targetHints":{"allow":["GET"]}}],"collection":[{"href":"https:\/\/camposerranoradio.com\/home\/wp-json\/wp\/v2\/posts"}],"about":[{"href":"https:\/\/camposerranoradio.com\/home\/wp-json\/wp\/v2\/types\/post"}],"author":[{"embeddable":true,"href":"https:\/\/camposerranoradio.com\/home\/wp-json\/wp\/v2\/users\/3"}],"replies":[{"embeddable":true,"href":"https:\/\/camposerranoradio.com\/home\/wp-json\/wp\/v2\/comments?post=990"}],"version-history":[{"count":1,"href":"https:\/\/camposerranoradio.com\/home\/wp-json\/wp\/v2\/posts\/990\/revisions"}],"predecessor-version":[{"id":993,"href":"https:\/\/camposerranoradio.com\/home\/wp-json\/wp\/v2\/posts\/990\/revisions\/993"}],"wp:attachment":[{"href":"https:\/\/camposerranoradio.com\/home\/wp-json\/wp\/v2\/media?parent=990"}],"wp:term":[{"taxonomy":"category","embeddable":true,"href":"https:\/\/camposerranoradio.com\/home\/wp-json\/wp\/v2\/categories?post=990"},{"taxonomy":"post_tag","embeddable":true,"href":"https:\/\/camposerranoradio.com\/home\/wp-json\/wp\/v2\/tags?post=990"}],"curies":[{"name":"wp","href":"https:\/\/api.w.org\/{rel}","templated":true}]}}